{"id":18,"count":3,"description":"No contexto do autismo, inclus\u00e3o significa garantir que pessoas autistas tenham igualdade de oportunidades, participa\u00e7\u00e3o plena e acesso a todos os espa\u00e7os da sociedade, como escolas, locais p\u00fablicos, ambientes de trabalho e lazer \u2014 respeitando suas necessidades, particularidades e formas de se comunicar ou interagir.\r\n\r\nTrata-se de eliminar barreiras (f\u00edsicas, sociais e atitudinais) e promover ambientes mais acess\u00edveis, acolhedores e adaptados, onde cada pessoa seja valorizada e possa conviver, contribuir e se desenvolver com dignidade.","link":"https:\/\/orbi360.com\/site\/category\/inclusao\/","name":"Inclus\u00e3o","slug":"inclusao","taxonomy":"category","parent":0,"meta":[],"aioseo_head":"\n\t\t<!-- All in One SEO 4.9.10 - aioseo.com -->\n\t<meta name=\"description\" content=\"No contexto do autismo, inclus\u00e3o significa garantir que pessoas autistas tenham igualdade de oportunidades, participa\u00e7\u00e3o plena e acesso a todos os espa\u00e7os da sociedade, como escolas, locais p\u00fablicos, ambientes de trabalho e lazer \u2014 respeitando suas necessidades, particularidades e formas de se comunicar ou interagir. Trata-se de eliminar barreiras (f\u00edsicas, sociais e atitudinais) e promover ambientes mais acess\u00edveis, acolhedores e adaptados, onde cada pessoa seja valorizada e possa conviver, contribuir e se desenvolver com dignidade.\" \/>\n\t<meta name=\"robots\" content=\"max-image-preview:large\" \/>\n\t<link rel=\"canonical\" href=\"https:\/\/orbi360.com\/site\/category\/inclusao\/\" \/>\n\t<meta name=\"generator\" content=\"All in One SEO (AIOSEO) 4.9.10\" \/>\n\t\t<script type=\"application\/ld+json\" class=\"aioseo-schema\">\n\t\t\t{\"@context\":\"https:\\\/\\\/schema.org\",\"@graph\":[{\"@type\":\"BreadcrumbList\",\"@id\":\"https:\\\/\\\/orbi360.com\\\/site\\\/wp-json\\\/wp\\\/v2\\\/categories\\\/18\\\/#breadcrumblist\",\"itemListElement\":[{\"@type\":\"ListItem\",\"@id\":\"https:\\\/\\\/orbi360.com\\\/site#listItem\",\"position\":1,\"name\":\"Home\",\"item\":\"https:\\\/\\\/orbi360.com\\\/site\",\"nextItem\":{\"@type\":\"ListItem\",\"@id\":\"https:\\\/\\\/orbi360.com\\\/site\\\/category\\\/inclusao\\\/#listItem\",\"name\":\"Inclus\\u00e3o\"}},{\"@type\":\"ListItem\",\"@id\":\"https:\\\/\\\/orbi360.com\\\/site\\\/category\\\/inclusao\\\/#listItem\",\"position\":2,\"name\":\"Inclus\\u00e3o\",\"previousItem\":{\"@type\":\"ListItem\",\"@id\":\"https:\\\/\\\/orbi360.com\\\/site#listItem\",\"name\":\"Home\"}}]},{\"@type\":\"CollectionPage\",\"@id\":\"https:\\\/\\\/orbi360.com\\\/site\\\/wp-json\\\/wp\\\/v2\\\/categories\\\/18\\\/#collectionpage\",\"url\":\"https:\\\/\\\/orbi360.com\\\/site\\\/wp-json\\\/wp\\\/v2\\\/categories\\\/18\\\/\",\"name\":\"Inclus\\u00e3o - Orbi360\",\"description\":\"No contexto do autismo, inclus\\u00e3o significa garantir que pessoas autistas tenham igualdade de oportunidades, participa\\u00e7\\u00e3o plena e acesso a todos os espa\\u00e7os da sociedade, como escolas, locais p\\u00fablicos, ambientes de trabalho e lazer \\u2014 respeitando suas necessidades, particularidades e formas de se comunicar ou interagir. Trata-se de eliminar barreiras (f\\u00edsicas, sociais e atitudinais) e promover ambientes mais acess\\u00edveis, acolhedores e adaptados, onde cada pessoa seja valorizada e possa conviver, contribuir e se desenvolver com dignidade.\",\"inLanguage\":\"pt-BR\",\"isPartOf\":{\"@id\":\"https:\\\/\\\/orbi360.com\\\/site\\\/#website\"},\"breadcrumb\":{\"@id\":\"https:\\\/\\\/orbi360.com\\\/site\\\/wp-json\\\/wp\\\/v2\\\/categories\\\/18\\\/#breadcrumblist\"}},{\"@type\":\"Organization\",\"@id\":\"https:\\\/\\\/orbi360.com\\\/site\\\/#organization\",\"name\":\"Orbi360\",\"description\":\"Reviews, certifica\\u00e7\\u00f5es e recomenda\\u00e7\\u00f5es para fam\\u00edlias at\\u00edpicas - autismo e neurodivergentes\",\"url\":\"https:\\\/\\\/orbi360.com\\\/site\\\/\",\"logo\":{\"@type\":\"ImageObject\",\"url\":\"https:\\\/\\\/orbi360.com\\\/site\\\/wp-content\\\/uploads\\\/2025\\\/07\\\/cropped-cropped-Logo-Orbi360-Redonda-Png-transparente.png\",\"@id\":\"https:\\\/\\\/orbi360.com\\\/site\\\/wp-json\\\/wp\\\/v2\\\/categories\\\/18\\\/#organizationLogo\",\"width\":512,\"height\":512},\"image\":{\"@id\":\"https:\\\/\\\/orbi360.com\\\/site\\\/wp-json\\\/wp\\\/v2\\\/categories\\\/18\\\/#organizationLogo\"}},{\"@type\":\"WebSite\",\"@id\":\"https:\\\/\\\/orbi360.com\\\/site\\\/#website\",\"url\":\"https:\\\/\\\/orbi360.com\\\/site\\\/\",\"name\":\"Orbi360\",\"description\":\"Reviews, certifica\\u00e7\\u00f5es e recomenda\\u00e7\\u00f5es para fam\\u00edlias at\\u00edpicas - autismo e neurodivergentes\",\"inLanguage\":\"pt-BR\",\"publisher\":{\"@id\":\"https:\\\/\\\/orbi360.com\\\/site\\\/#organization\"}}]}\n\t\t<\/script>\n\t\t<!-- All in One SEO -->\n\n","aioseo_head_json":{"title":"Inclus\u00e3o - Orbi360","description":"No contexto do autismo, inclus\u00e3o significa garantir que pessoas autistas tenham igualdade de oportunidades, participa\u00e7\u00e3o plena e acesso a todos os espa\u00e7os da sociedade, como escolas, locais p\u00fablicos, ambientes de trabalho e lazer \u2014 respeitando suas necessidades, particularidades e formas de se comunicar ou interagir. Trata-se de eliminar barreiras (f\u00edsicas, sociais e atitudinais) e promover ambientes mais acess\u00edveis, acolhedores e adaptados, onde cada pessoa seja valorizada e possa conviver, contribuir e se desenvolver com dignidade.","canonical_url":"https:\/\/orbi360.com\/site\/category\/inclusao\/","robots":"max-image-preview:large","keywords":"","webmasterTools":{"miscellaneous":""},"schema":{"@context":"https:\/\/schema.org","@graph":[{"@type":"BreadcrumbList","@id":"https:\/\/orbi360.com\/site\/wp-json\/wp\/v2\/categories\/18\/#breadcrumblist","itemListElement":[{"@type":"ListItem","@id":"https:\/\/orbi360.com\/site#listItem","position":1,"name":"Home","item":"https:\/\/orbi360.com\/site","nextItem":{"@type":"ListItem","@id":"https:\/\/orbi360.com\/site\/category\/inclusao\/#listItem","name":"Inclus\u00e3o"}},{"@type":"ListItem","@id":"https:\/\/orbi360.com\/site\/category\/inclusao\/#listItem","position":2,"name":"Inclus\u00e3o","previousItem":{"@type":"ListItem","@id":"https:\/\/orbi360.com\/site#listItem","name":"Home"}}]},{"@type":"CollectionPage","@id":"https:\/\/orbi360.com\/site\/wp-json\/wp\/v2\/categories\/18\/#collectionpage","url":"https:\/\/orbi360.com\/site\/wp-json\/wp\/v2\/categories\/18\/","name":"Inclus\u00e3o - Orbi360","description":"No contexto do autismo, inclus\u00e3o significa garantir que pessoas autistas tenham igualdade de oportunidades, participa\u00e7\u00e3o plena e acesso a todos os espa\u00e7os da sociedade, como escolas, locais p\u00fablicos, ambientes de trabalho e lazer \u2014 respeitando suas necessidades, particularidades e formas de se comunicar ou interagir. Trata-se de eliminar barreiras (f\u00edsicas, sociais e atitudinais) e promover ambientes mais acess\u00edveis, acolhedores e adaptados, onde cada pessoa seja valorizada e possa conviver, contribuir e se desenvolver com dignidade.","inLanguage":"pt-BR","isPartOf":{"@id":"https:\/\/orbi360.com\/site\/#website"},"breadcrumb":{"@id":"https:\/\/orbi360.com\/site\/wp-json\/wp\/v2\/categories\/18\/#breadcrumblist"}},{"@type":"Organization","@id":"https:\/\/orbi360.com\/site\/#organization","name":"Orbi360","description":"Reviews, certifica\u00e7\u00f5es e recomenda\u00e7\u00f5es para fam\u00edlias at\u00edpicas - autismo e neurodivergentes","url":"https:\/\/orbi360.com\/site\/","logo":{"@type":"ImageObject","url":"https:\/\/orbi360.com\/site\/wp-content\/uploads\/2025\/07\/cropped-cropped-Logo-Orbi360-Redonda-Png-transparente.png","@id":"https:\/\/orbi360.com\/site\/wp-json\/wp\/v2\/categories\/18\/#organizationLogo","width":512,"height":512},"image":{"@id":"https:\/\/orbi360.com\/site\/wp-json\/wp\/v2\/categories\/18\/#organizationLogo"}},{"@type":"WebSite","@id":"https:\/\/orbi360.com\/site\/#website","url":"https:\/\/orbi360.com\/site\/","name":"Orbi360","description":"Reviews, certifica\u00e7\u00f5es e recomenda\u00e7\u00f5es para fam\u00edlias at\u00edpicas - autismo e neurodivergentes","inLanguage":"pt-BR","publisher":{"@id":"https:\/\/orbi360.com\/site\/#organization"}}]}},"aioseo_breadcrumb":"<div class=\"aioseo-breadcrumbs\"><span class=\"aioseo-breadcrumb\">\n\t\t\t<a href=\"https:\/\/orbi360.com\/site\" title=\"Home\">Home<\/a>\n\t\t<\/span><span class=\"aioseo-breadcrumb-separator\">&raquo;<\/span><span class=\"aioseo-breadcrumb\">\n\t\t\tInclus\u00e3o\n\t\t<\/span><\/div>","aioseo_breadcrumb_json":[{"label":"Home","link":"https:\/\/orbi360.com\/site"},{"label":"Inclus\u00e3o","link":"https:\/\/orbi360.com\/site\/category\/inclusao\/"}],"_links":{"self":[{"href":"https:\/\/orbi360.com\/site\/wp-json\/wp\/v2\/categories\/18","targetHints":{"allow":["GET"]}}],"collection":[{"href":"https:\/\/orbi360.com\/site\/wp-json\/wp\/v2\/categories"}],"about":[{"href":"https:\/\/orbi360.com\/site\/wp-json\/wp\/v2\/taxonomies\/category"}],"wp:post_type":[{"href":"https:\/\/orbi360.com\/site\/wp-json\/wp\/v2\/posts?categories=18"}],"curies":[{"name":"wp","href":"https:\/\/api.w.org\/{rel}","templated":true}]}}