{"id":149,"date":"2025-07-11T12:09:38","date_gmt":"2025-07-11T15:09:38","guid":{"rendered":"https:\/\/orbi360.com\/site\/?p=149"},"modified":"2025-07-11T12:13:11","modified_gmt":"2025-07-11T15:13:11","slug":"%f0%9f%92%99-austista-recebemos-o-diagnostico-e-agora","status":"publish","type":"post","link":"https:\/\/orbi360.com\/site\/%f0%9f%92%99-austista-recebemos-o-diagnostico-e-agora\/","title":{"rendered":"\ud83d\udc99 Recebemos o diagn\u00f3stico: E agora?"},"content":{"rendered":"<p>Se voc\u00ea \u00e9 pai, m\u00e3e ou respons\u00e1vel e acabou de receber o diagn\u00f3stico de autismo do seu filho, respire fundo. Este momento pode vir com um turbilh\u00e3o de emo\u00e7\u00f5es \u2014 medo, d\u00favida, culpa, incerteza&#8230; Mas queremos te dizer algo muito importante: <strong>o autismo n\u00e3o \u00e9 uma doen\u00e7a.<\/strong> Seu filho n\u00e3o est\u00e1 &#8220;doente&#8221;, n\u00e3o &#8220;quebrou&#8221; e n\u00e3o precisa ser &#8220;consertado&#8221;.<\/p>\n<h3>\ud83e\udde0 O que \u00e9 o autismo, afinal?<\/h3>\n<p>O Transtorno do Espectro Autista (TEA) \u00e9 uma forma diferente de perceber e se relacionar com o mundo. Pode envolver desafios na comunica\u00e7\u00e3o, nas intera\u00e7\u00f5es sociais e em comportamentos repetitivos \u2014 mas tamb\u00e9m vem acompanhado de habilidades \u00fanicas, percep\u00e7\u00f5es profundas e, muitas vezes, <strong>talentos extraordin\u00e1rios<\/strong>.<\/p>\n<h3>\ud83d\udca1 Voc\u00ea tem um talento em casa<\/h3>\n<p>Cada pessoa autista \u00e9 \u00fanica. Algumas s\u00e3o extremamente criativas, outras t\u00eam mem\u00f3ria acima da m\u00e9dia, facilidade com n\u00fameros, sensibilidade art\u00edstica ou um senso de justi\u00e7a admir\u00e1vel. Ao inv\u00e9s de focar no que seu filho &#8220;n\u00e3o faz como os outros&#8221;, olhe com carinho para o que <strong>s\u00f3 ele \u00e9 capaz de fazer<\/strong>.<\/p>\n<p>Voc\u00ea tem um talento em casa \u2014 mesmo que ele ainda esteja em fase de descoberta.<\/p>\n<h3>\ud83e\udde9 N\u00e3o \u00e9 o fim. \u00c9 o come\u00e7o.<\/h3>\n<p>Muita gente acredita que o diagn\u00f3stico \u00e9 o fim de um sonho. Mas na verdade, \u00e9 o <strong>in\u00edcio de uma nova jornada<\/strong>: mais consciente, mais respeitosa com as necessidades do seu filho e mais conectada com quem ele realmente \u00e9. Conhecimento \u00e9 poder, e agora voc\u00ea pode buscar apoio, terapias e recursos que v\u00e3o ajudar seu filho a florescer.<\/p>\n<h3>\ud83e\udec2 Voc\u00ea n\u00e3o est\u00e1 sozinho<\/h3>\n<p>Milhares de fam\u00edlias est\u00e3o vivendo o que voc\u00ea est\u00e1 vivendo agora. Existem comunidades de apoio, profissionais preparados, escolas inclusivas e muitos exemplos de autistas adultos que vivem vidas plenas, felizes e produtivas. A caminhada pode ter seus desafios, sim \u2014 mas tamb\u00e9m tem muito amor, supera\u00e7\u00e3o e orgulho.<\/p>\n<hr \/>\n<h3>\ud83c\udf31 Em vez de perguntar: \u201cPor que comigo?\u201d<\/h3>\n<p>Experimente perguntar: <strong>\u201cO que posso aprender com meu filho?\u201d<\/strong><\/p>\n<p>A resposta pode transformar sua vida \u2014 e a dele tamb\u00e9m.<\/p>\n<p>E o Orbi360 est\u00e1 aqui para lhe apoiar, aprender e nos divertirmos juntos! Welcome.<\/p>\n<p>&nbsp;<\/p>\n","protected":false},"excerpt":{"rendered":"<p>Se voc\u00ea \u00e9 pai, m\u00e3e ou respons\u00e1vel e acabou de receber o diagn\u00f3stico de autismo do seu filho, respire fundo. Este momento pode vir com um turbilh\u00e3o de emo\u00e7\u00f5es \u2014 medo, d\u00favida, culpa, incerteza&#8230; Mas queremos te dizer algo muito importante: o autismo n\u00e3o \u00e9 uma doen\u00e7a. Seu filho n\u00e3o est\u00e1 &#8220;doente&#8221;, n\u00e3o &#8220;quebrou&#8221; e &#8230; <a title=\"\ud83d\udc99 Recebemos o diagn\u00f3stico: E agora?\" class=\"read-more\" href=\"https:\/\/orbi360.com\/site\/%f0%9f%92%99-austista-recebemos-o-diagnostico-e-agora\/\" aria-label=\"Read more about \ud83d\udc99 Recebemos o diagn\u00f3stico: E agora?\">Ler mais<\/a><\/p>\n","protected":false},"author":1,"featured_media":150,"comment_status":"open","ping_status":"open","sticky":false,"template":"","format":"standard","meta":{"footnotes":""},"categories":[3,27,1],"tags":[52,22,50,46,4,45,53,34,7,41,10,43,8,49,47,33,54,51,48,44],"class_list":["post-149","post","type-post","status-publish","format-standard","has-post-thumbnail","hentry","category-autismo","category-diganostico","category-sem-categoria","tag-aceitacao","tag-acolhimento","tag-amor-incondicional","tag-apoio-as-familias","tag-autismo","tag-autismo-nao-e-doenca","tag-comunicacao-no-autismo","tag-desenvolvimento-infantil","tag-diagnostico-de-autismo","tag-empatia","tag-espectro-autista","tag-filho-autista","tag-inclusao","tag-jornada-do-autismo","tag-neurodiversidade","tag-pais-de-autistas","tag-respeito-as-diferencas","tag-superacao","tag-talentos-autistas","tag-tea"],"aioseo_notices":[],"aioseo_head":"\n\t\t<!-- All in One SEO 4.9.10 - aioseo.com -->\n\t<meta name=\"description\" content=\"Se voc\u00ea \u00e9 pai, m\u00e3e ou respons\u00e1vel e acabou de receber o diagn\u00f3stico de autismo do seu filho, respire fundo. Este momento pode vir com um turbilh\u00e3o de emo\u00e7\u00f5es \u2014 medo, d\u00favida, culpa, incerteza... Mas queremos te dizer algo muito importante: o autismo n\u00e3o \u00e9 uma doen\u00e7a. Seu filho n\u00e3o est\u00e1 &quot;doente&quot;, n\u00e3o &quot;quebrou&quot; e\" \/>\n\t<meta name=\"robots\" content=\"max-image-preview:large\" \/>\n\t<link rel=\"canonical\" href=\"https:\/\/orbi360.com\/site\/%f0%9f%92%99-austista-recebemos-o-diagnostico-e-agora\/\" \/>\n\t<meta name=\"generator\" content=\"All in One SEO (AIOSEO) 4.9.10\" \/>\n\t\t<meta property=\"og:locale\" content=\"pt_BR\" \/>\n\t\t<meta property=\"og:site_name\" content=\"Orbi360 - Reviews, certifica\u00e7\u00f5es e recomenda\u00e7\u00f5es para fam\u00edlias at\u00edpicas - autismo e neurodivergentes\" \/>\n\t\t<meta property=\"og:type\" content=\"website\" \/>\n\t\t<meta property=\"og:title\" content=\"\ud83d\udc99 Recebemos o diagn\u00f3stico: E agora? - Orbi360\" \/>\n\t\t<meta property=\"og:description\" content=\"Se voc\u00ea \u00e9 pai, m\u00e3e ou respons\u00e1vel e acabou de receber o diagn\u00f3stico de autismo do seu filho, respire fundo. Este momento pode vir com um turbilh\u00e3o de emo\u00e7\u00f5es \u2014 medo, d\u00favida, culpa, incerteza... Mas queremos te dizer algo muito importante: o autismo n\u00e3o \u00e9 uma doen\u00e7a. Seu filho n\u00e3o est\u00e1 &quot;doente&quot;, n\u00e3o &quot;quebrou&quot; e\" \/>\n\t\t<meta property=\"og:url\" content=\"https:\/\/orbi360.com\/site\/%f0%9f%92%99-austista-recebemos-o-diagnostico-e-agora\/\" \/>\n\t\t<meta property=\"og:image\" content=\"https:\/\/orbi360.com\/site\/wp-content\/uploads\/2025\/07\/cropped-cropped-Logo-Orbi360-Redonda-Png-transparente.png\" \/>\n\t\t<meta property=\"og:image:secure_url\" content=\"https:\/\/orbi360.com\/site\/wp-content\/uploads\/2025\/07\/cropped-cropped-Logo-Orbi360-Redonda-Png-transparente.png\" \/>\n\t\t<meta name=\"twitter:card\" content=\"summary_large_image\" \/>\n\t\t<meta name=\"twitter:title\" content=\"\ud83d\udc99 Recebemos o diagn\u00f3stico: E agora? - Orbi360\" \/>\n\t\t<meta name=\"twitter:description\" content=\"Se voc\u00ea \u00e9 pai, m\u00e3e ou respons\u00e1vel e acabou de receber o diagn\u00f3stico de autismo do seu filho, respire fundo. Este momento pode vir com um turbilh\u00e3o de emo\u00e7\u00f5es \u2014 medo, d\u00favida, culpa, incerteza... Mas queremos te dizer algo muito importante: o autismo n\u00e3o \u00e9 uma doen\u00e7a. Seu filho n\u00e3o est\u00e1 &quot;doente&quot;, n\u00e3o &quot;quebrou&quot; e\" \/>\n\t\t<meta name=\"twitter:image\" content=\"https:\/\/orbi360.com\/site\/wp-content\/uploads\/2025\/07\/cropped-cropped-Logo-Orbi360-Redonda-Png-transparente.png\" \/>\n\t\t<script type=\"application\/ld+json\" class=\"aioseo-schema\">\n\t\t\t{\"@context\":\"https:\\\/\\\/schema.org\",\"@graph\":[{\"@type\":\"BlogPosting\",\"@id\":\"https:\\\/\\\/orbi360.com\\\/site\\\/%f0%9f%92%99-austista-recebemos-o-diagnostico-e-agora\\\/#blogposting\",\"name\":\"\\ud83d\\udc99 Recebemos o diagn\\u00f3stico: E agora? - Orbi360\",\"headline\":\"\\ud83d\\udc99 Recebemos o diagn\\u00f3stico: E agora?\",\"author\":{\"@id\":\"https:\\\/\\\/orbi360.com\\\/site\\\/author\\\/roger\\\/#author\"},\"publisher\":{\"@id\":\"https:\\\/\\\/orbi360.com\\\/site\\\/#organization\"},\"image\":{\"@type\":\"ImageObject\",\"url\":\"https:\\\/\\\/orbi360.com\\\/site\\\/wp-content\\\/uploads\\\/2025\\\/07\\\/Logo-aplicada-fachada-generica-scaled.png\",\"width\":2560,\"height\":1496},\"datePublished\":\"2025-07-11T12:09:38-03:00\",\"dateModified\":\"2025-07-11T12:13:11-03:00\",\"inLanguage\":\"pt-BR\",\"mainEntityOfPage\":{\"@id\":\"https:\\\/\\\/orbi360.com\\\/site\\\/%f0%9f%92%99-austista-recebemos-o-diagnostico-e-agora\\\/#webpage\"},\"isPartOf\":{\"@id\":\"https:\\\/\\\/orbi360.com\\\/site\\\/%f0%9f%92%99-austista-recebemos-o-diagnostico-e-agora\\\/#webpage\"},\"articleSection\":\"Autismo, Digan\\u00f3stico, Orbi360, aceita\\u00e7\\u00e3o, acolhimento, amor incondicional, apoio \\u00e0s fam\\u00edlias, autismo, autismo n\\u00e3o \\u00e9 doen\\u00e7a, comunica\\u00e7\\u00e3o no autismo, desenvolvimento infantil, diagn\\u00f3stico de autismo, empatia, espectro autista, filho autista, inclus\\u00e3o, jornada do autismo, neurodiversidade, pais de autistas, respeito \\u00e0s diferen\\u00e7as, supera\\u00e7\\u00e3o, talentos autistas, TEA\"},{\"@type\":\"BreadcrumbList\",\"@id\":\"https:\\\/\\\/orbi360.com\\\/site\\\/%f0%9f%92%99-austista-recebemos-o-diagnostico-e-agora\\\/#breadcrumblist\",\"itemListElement\":[{\"@type\":\"ListItem\",\"@id\":\"https:\\\/\\\/orbi360.com\\\/site#listItem\",\"position\":1,\"name\":\"Home\",\"item\":\"https:\\\/\\\/orbi360.com\\\/site\",\"nextItem\":{\"@type\":\"ListItem\",\"@id\":\"https:\\\/\\\/orbi360.com\\\/site\\\/category\\\/sem-categoria\\\/#listItem\",\"name\":\"Orbi360\"}},{\"@type\":\"ListItem\",\"@id\":\"https:\\\/\\\/orbi360.com\\\/site\\\/category\\\/sem-categoria\\\/#listItem\",\"position\":2,\"name\":\"Orbi360\",\"item\":\"https:\\\/\\\/orbi360.com\\\/site\\\/category\\\/sem-categoria\\\/\",\"nextItem\":{\"@type\":\"ListItem\",\"@id\":\"https:\\\/\\\/orbi360.com\\\/site\\\/%f0%9f%92%99-austista-recebemos-o-diagnostico-e-agora\\\/#listItem\",\"name\":\"\\ud83d\\udc99 Recebemos o diagn\\u00f3stico: E agora?\"},\"previousItem\":{\"@type\":\"ListItem\",\"@id\":\"https:\\\/\\\/orbi360.com\\\/site#listItem\",\"name\":\"Home\"}},{\"@type\":\"ListItem\",\"@id\":\"https:\\\/\\\/orbi360.com\\\/site\\\/%f0%9f%92%99-austista-recebemos-o-diagnostico-e-agora\\\/#listItem\",\"position\":3,\"name\":\"\\ud83d\\udc99 Recebemos o diagn\\u00f3stico: E agora?\",\"previousItem\":{\"@type\":\"ListItem\",\"@id\":\"https:\\\/\\\/orbi360.com\\\/site\\\/category\\\/sem-categoria\\\/#listItem\",\"name\":\"Orbi360\"}}]},{\"@type\":\"Organization\",\"@id\":\"https:\\\/\\\/orbi360.com\\\/site\\\/#organization\",\"name\":\"Orbi360\",\"description\":\"Reviews, certifica\\u00e7\\u00f5es e recomenda\\u00e7\\u00f5es para fam\\u00edlias at\\u00edpicas - autismo e neurodivergentes\",\"url\":\"https:\\\/\\\/orbi360.com\\\/site\\\/\",\"logo\":{\"@type\":\"ImageObject\",\"url\":\"https:\\\/\\\/orbi360.com\\\/site\\\/wp-content\\\/uploads\\\/2025\\\/07\\\/cropped-cropped-Logo-Orbi360-Redonda-Png-transparente.png\",\"@id\":\"https:\\\/\\\/orbi360.com\\\/site\\\/%f0%9f%92%99-austista-recebemos-o-diagnostico-e-agora\\\/#organizationLogo\",\"width\":512,\"height\":512},\"image\":{\"@id\":\"https:\\\/\\\/orbi360.com\\\/site\\\/%f0%9f%92%99-austista-recebemos-o-diagnostico-e-agora\\\/#organizationLogo\"}},{\"@type\":\"Person\",\"@id\":\"https:\\\/\\\/orbi360.com\\\/site\\\/author\\\/roger\\\/#author\",\"url\":\"https:\\\/\\\/orbi360.com\\\/site\\\/author\\\/roger\\\/\",\"image\":{\"@type\":\"ImageObject\",\"@id\":\"https:\\\/\\\/orbi360.com\\\/site\\\/%f0%9f%92%99-austista-recebemos-o-diagnostico-e-agora\\\/#authorImage\",\"url\":\"https:\\\/\\\/secure.gravatar.com\\\/avatar\\\/6bd526149e5f30d56059718298de91b7815bb519abf8ef8f9ab79ebc84f0362d?s=96&d=mm&r=g\",\"width\":96,\"height\":96}},{\"@type\":\"WebPage\",\"@id\":\"https:\\\/\\\/orbi360.com\\\/site\\\/%f0%9f%92%99-austista-recebemos-o-diagnostico-e-agora\\\/#webpage\",\"url\":\"https:\\\/\\\/orbi360.com\\\/site\\\/%f0%9f%92%99-austista-recebemos-o-diagnostico-e-agora\\\/\",\"name\":\"\\ud83d\\udc99 Recebemos o diagn\\u00f3stico: E agora? - Orbi360\",\"description\":\"Se voc\\u00ea \\u00e9 pai, m\\u00e3e ou respons\\u00e1vel e acabou de receber o diagn\\u00f3stico de autismo do seu filho, respire fundo. Este momento pode vir com um turbilh\\u00e3o de emo\\u00e7\\u00f5es \\u2014 medo, d\\u00favida, culpa, incerteza... Mas queremos te dizer algo muito importante: o autismo n\\u00e3o \\u00e9 uma doen\\u00e7a. Seu filho n\\u00e3o est\\u00e1 \\\"doente\\\", n\\u00e3o \\\"quebrou\\\" e\",\"inLanguage\":\"pt-BR\",\"isPartOf\":{\"@id\":\"https:\\\/\\\/orbi360.com\\\/site\\\/#website\"},\"breadcrumb\":{\"@id\":\"https:\\\/\\\/orbi360.com\\\/site\\\/%f0%9f%92%99-austista-recebemos-o-diagnostico-e-agora\\\/#breadcrumblist\"},\"author\":{\"@id\":\"https:\\\/\\\/orbi360.com\\\/site\\\/author\\\/roger\\\/#author\"},\"creator\":{\"@id\":\"https:\\\/\\\/orbi360.com\\\/site\\\/author\\\/roger\\\/#author\"},\"image\":{\"@type\":\"ImageObject\",\"url\":\"https:\\\/\\\/orbi360.com\\\/site\\\/wp-content\\\/uploads\\\/2025\\\/07\\\/Logo-aplicada-fachada-generica-scaled.png\",\"@id\":\"https:\\\/\\\/orbi360.com\\\/site\\\/%f0%9f%92%99-austista-recebemos-o-diagnostico-e-agora\\\/#mainImage\",\"width\":2560,\"height\":1496},\"primaryImageOfPage\":{\"@id\":\"https:\\\/\\\/orbi360.com\\\/site\\\/%f0%9f%92%99-austista-recebemos-o-diagnostico-e-agora\\\/#mainImage\"},\"datePublished\":\"2025-07-11T12:09:38-03:00\",\"dateModified\":\"2025-07-11T12:13:11-03:00\"},{\"@type\":\"WebSite\",\"@id\":\"https:\\\/\\\/orbi360.com\\\/site\\\/#website\",\"url\":\"https:\\\/\\\/orbi360.com\\\/site\\\/\",\"name\":\"Orbi360\",\"description\":\"Reviews, certifica\\u00e7\\u00f5es e recomenda\\u00e7\\u00f5es para fam\\u00edlias at\\u00edpicas - autismo e neurodivergentes\",\"inLanguage\":\"pt-BR\",\"publisher\":{\"@id\":\"https:\\\/\\\/orbi360.com\\\/site\\\/#organization\"}}]}\n\t\t<\/script>\n\t\t<!-- All in One SEO -->\n\n","aioseo_head_json":{"title":"\ud83d\udc99 Recebemos o diagn\u00f3stico: E agora? - Orbi360","description":"Se voc\u00ea \u00e9 pai, m\u00e3e ou respons\u00e1vel e acabou de receber o diagn\u00f3stico de autismo do seu filho, respire fundo. Este momento pode vir com um turbilh\u00e3o de emo\u00e7\u00f5es \u2014 medo, d\u00favida, culpa, incerteza... Mas queremos te dizer algo muito importante: o autismo n\u00e3o \u00e9 uma doen\u00e7a. Seu filho n\u00e3o est\u00e1 \"doente\", n\u00e3o \"quebrou\" e","canonical_url":"https:\/\/orbi360.com\/site\/%f0%9f%92%99-austista-recebemos-o-diagnostico-e-agora\/","robots":"max-image-preview:large","keywords":"","webmasterTools":{"miscellaneous":""},"schema":{"@context":"https:\/\/schema.org","@graph":[{"@type":"BlogPosting","@id":"https:\/\/orbi360.com\/site\/%f0%9f%92%99-austista-recebemos-o-diagnostico-e-agora\/#blogposting","name":"\ud83d\udc99 Recebemos o diagn\u00f3stico: E agora? - Orbi360","headline":"\ud83d\udc99 Recebemos o diagn\u00f3stico: E agora?","author":{"@id":"https:\/\/orbi360.com\/site\/author\/roger\/#author"},"publisher":{"@id":"https:\/\/orbi360.com\/site\/#organization"},"image":{"@type":"ImageObject","url":"https:\/\/orbi360.com\/site\/wp-content\/uploads\/2025\/07\/Logo-aplicada-fachada-generica-scaled.png","width":2560,"height":1496},"datePublished":"2025-07-11T12:09:38-03:00","dateModified":"2025-07-11T12:13:11-03:00","inLanguage":"pt-BR","mainEntityOfPage":{"@id":"https:\/\/orbi360.com\/site\/%f0%9f%92%99-austista-recebemos-o-diagnostico-e-agora\/#webpage"},"isPartOf":{"@id":"https:\/\/orbi360.com\/site\/%f0%9f%92%99-austista-recebemos-o-diagnostico-e-agora\/#webpage"},"articleSection":"Autismo, Digan\u00f3stico, Orbi360, aceita\u00e7\u00e3o, acolhimento, amor incondicional, apoio \u00e0s fam\u00edlias, autismo, autismo n\u00e3o \u00e9 doen\u00e7a, comunica\u00e7\u00e3o no autismo, desenvolvimento infantil, diagn\u00f3stico de autismo, empatia, espectro autista, filho autista, inclus\u00e3o, jornada do autismo, neurodiversidade, pais de autistas, respeito \u00e0s diferen\u00e7as, supera\u00e7\u00e3o, talentos autistas, TEA"},{"@type":"BreadcrumbList","@id":"https:\/\/orbi360.com\/site\/%f0%9f%92%99-austista-recebemos-o-diagnostico-e-agora\/#breadcrumblist","itemListElement":[{"@type":"ListItem","@id":"https:\/\/orbi360.com\/site#listItem","position":1,"name":"Home","item":"https:\/\/orbi360.com\/site","nextItem":{"@type":"ListItem","@id":"https:\/\/orbi360.com\/site\/category\/sem-categoria\/#listItem","name":"Orbi360"}},{"@type":"ListItem","@id":"https:\/\/orbi360.com\/site\/category\/sem-categoria\/#listItem","position":2,"name":"Orbi360","item":"https:\/\/orbi360.com\/site\/category\/sem-categoria\/","nextItem":{"@type":"ListItem","@id":"https:\/\/orbi360.com\/site\/%f0%9f%92%99-austista-recebemos-o-diagnostico-e-agora\/#listItem","name":"\ud83d\udc99 Recebemos o diagn\u00f3stico: E agora?"},"previousItem":{"@type":"ListItem","@id":"https:\/\/orbi360.com\/site#listItem","name":"Home"}},{"@type":"ListItem","@id":"https:\/\/orbi360.com\/site\/%f0%9f%92%99-austista-recebemos-o-diagnostico-e-agora\/#listItem","position":3,"name":"\ud83d\udc99 Recebemos o diagn\u00f3stico: E agora?","previousItem":{"@type":"ListItem","@id":"https:\/\/orbi360.com\/site\/category\/sem-categoria\/#listItem","name":"Orbi360"}}]},{"@type":"Organization","@id":"https:\/\/orbi360.com\/site\/#organization","name":"Orbi360","description":"Reviews, certifica\u00e7\u00f5es e recomenda\u00e7\u00f5es para fam\u00edlias at\u00edpicas - autismo e neurodivergentes","url":"https:\/\/orbi360.com\/site\/","logo":{"@type":"ImageObject","url":"https:\/\/orbi360.com\/site\/wp-content\/uploads\/2025\/07\/cropped-cropped-Logo-Orbi360-Redonda-Png-transparente.png","@id":"https:\/\/orbi360.com\/site\/%f0%9f%92%99-austista-recebemos-o-diagnostico-e-agora\/#organizationLogo","width":512,"height":512},"image":{"@id":"https:\/\/orbi360.com\/site\/%f0%9f%92%99-austista-recebemos-o-diagnostico-e-agora\/#organizationLogo"}},{"@type":"Person","@id":"https:\/\/orbi360.com\/site\/author\/roger\/#author","url":"https:\/\/orbi360.com\/site\/author\/roger\/","image":{"@type":"ImageObject","@id":"https:\/\/orbi360.com\/site\/%f0%9f%92%99-austista-recebemos-o-diagnostico-e-agora\/#authorImage","url":"https:\/\/secure.gravatar.com\/avatar\/6bd526149e5f30d56059718298de91b7815bb519abf8ef8f9ab79ebc84f0362d?s=96&d=mm&r=g","width":96,"height":96}},{"@type":"WebPage","@id":"https:\/\/orbi360.com\/site\/%f0%9f%92%99-austista-recebemos-o-diagnostico-e-agora\/#webpage","url":"https:\/\/orbi360.com\/site\/%f0%9f%92%99-austista-recebemos-o-diagnostico-e-agora\/","name":"\ud83d\udc99 Recebemos o diagn\u00f3stico: E agora? - Orbi360","description":"Se voc\u00ea \u00e9 pai, m\u00e3e ou respons\u00e1vel e acabou de receber o diagn\u00f3stico de autismo do seu filho, respire fundo. Este momento pode vir com um turbilh\u00e3o de emo\u00e7\u00f5es \u2014 medo, d\u00favida, culpa, incerteza... Mas queremos te dizer algo muito importante: o autismo n\u00e3o \u00e9 uma doen\u00e7a. Seu filho n\u00e3o est\u00e1 \"doente\", n\u00e3o \"quebrou\" e","inLanguage":"pt-BR","isPartOf":{"@id":"https:\/\/orbi360.com\/site\/#website"},"breadcrumb":{"@id":"https:\/\/orbi360.com\/site\/%f0%9f%92%99-austista-recebemos-o-diagnostico-e-agora\/#breadcrumblist"},"author":{"@id":"https:\/\/orbi360.com\/site\/author\/roger\/#author"},"creator":{"@id":"https:\/\/orbi360.com\/site\/author\/roger\/#author"},"image":{"@type":"ImageObject","url":"https:\/\/orbi360.com\/site\/wp-content\/uploads\/2025\/07\/Logo-aplicada-fachada-generica-scaled.png","@id":"https:\/\/orbi360.com\/site\/%f0%9f%92%99-austista-recebemos-o-diagnostico-e-agora\/#mainImage","width":2560,"height":1496},"primaryImageOfPage":{"@id":"https:\/\/orbi360.com\/site\/%f0%9f%92%99-austista-recebemos-o-diagnostico-e-agora\/#mainImage"},"datePublished":"2025-07-11T12:09:38-03:00","dateModified":"2025-07-11T12:13:11-03:00"},{"@type":"WebSite","@id":"https:\/\/orbi360.com\/site\/#website","url":"https:\/\/orbi360.com\/site\/","name":"Orbi360","description":"Reviews, certifica\u00e7\u00f5es e recomenda\u00e7\u00f5es para fam\u00edlias at\u00edpicas - autismo e neurodivergentes","inLanguage":"pt-BR","publisher":{"@id":"https:\/\/orbi360.com\/site\/#organization"}}]},"og:locale":"pt_BR","og:site_name":"Orbi360 - Reviews, certifica\u00e7\u00f5es e recomenda\u00e7\u00f5es para fam\u00edlias at\u00edpicas - autismo e neurodivergentes","og:type":"website","og:title":"\ud83d\udc99 Recebemos o diagn\u00f3stico: E agora? - Orbi360","og:description":"Se voc\u00ea \u00e9 pai, m\u00e3e ou respons\u00e1vel e acabou de receber o diagn\u00f3stico de autismo do seu filho, respire fundo. Este momento pode vir com um turbilh\u00e3o de emo\u00e7\u00f5es \u2014 medo, d\u00favida, culpa, incerteza... Mas queremos te dizer algo muito importante: o autismo n\u00e3o \u00e9 uma doen\u00e7a. Seu filho n\u00e3o est\u00e1 &quot;doente&quot;, n\u00e3o &quot;quebrou&quot; e","og:url":"https:\/\/orbi360.com\/site\/%f0%9f%92%99-austista-recebemos-o-diagnostico-e-agora\/","og:image":"https:\/\/orbi360.com\/site\/wp-content\/uploads\/2025\/07\/cropped-cropped-Logo-Orbi360-Redonda-Png-transparente.png","og:image:secure_url":"https:\/\/orbi360.com\/site\/wp-content\/uploads\/2025\/07\/cropped-cropped-Logo-Orbi360-Redonda-Png-transparente.png","twitter:card":"summary_large_image","twitter:title":"\ud83d\udc99 Recebemos o diagn\u00f3stico: E agora? - Orbi360","twitter:description":"Se voc\u00ea \u00e9 pai, m\u00e3e ou respons\u00e1vel e acabou de receber o diagn\u00f3stico de autismo do seu filho, respire fundo. Este momento pode vir com um turbilh\u00e3o de emo\u00e7\u00f5es \u2014 medo, d\u00favida, culpa, incerteza... Mas queremos te dizer algo muito importante: o autismo n\u00e3o \u00e9 uma doen\u00e7a. Seu filho n\u00e3o est\u00e1 &quot;doente&quot;, n\u00e3o &quot;quebrou&quot; e","twitter:image":"https:\/\/orbi360.com\/site\/wp-content\/uploads\/2025\/07\/cropped-cropped-Logo-Orbi360-Redonda-Png-transparente.png"},"aioseo_meta_data":{"post_id":"149","title":null,"description":null,"keywords":null,"keyphrases":null,"primary_term":null,"canonical_url":null,"og_title":null,"og_description":null,"og_object_type":"website","og_image_type":"default","og_image_url":null,"og_image_width":null,"og_image_height":null,"og_image_custom_url":null,"og_image_custom_fields":null,"og_video":null,"og_custom_url":null,"og_article_section":null,"og_article_tags":null,"twitter_use_og":false,"twitter_card":"default","twitter_image_type":"default","twitter_image_url":null,"twitter_image_custom_url":null,"twitter_image_custom_fields":null,"twitter_title":null,"twitter_description":null,"schema":{"blockGraphs":[],"customGraphs":[],"default":{"data":{"Article":[],"Course":[],"Dataset":[],"FAQPage":[],"Movie":[],"Person":[],"Product":[],"ProductReview":[],"Car":[],"Recipe":[],"Service":[],"SoftwareApplication":[],"WebPage":[]},"graphName":"","isEnabled":true},"graphs":[]},"schema_type":"default","schema_type_options":null,"pillar_content":false,"robots_default":true,"robots_noindex":false,"robots_noarchive":false,"robots_nosnippet":false,"robots_nofollow":false,"robots_noimageindex":false,"robots_noodp":false,"robots_notranslate":false,"robots_max_snippet":null,"robots_max_videopreview":null,"robots_max_imagepreview":"large","priority":null,"frequency":null,"local_seo":null,"breadcrumb_settings":null,"limit_modified_date":false,"ai":null,"created":"2025-12-26 17:14:09","updated":"2025-12-26 17:14:09","seo_analyzer_scan_date":null},"aioseo_breadcrumb":"<div class=\"aioseo-breadcrumbs\"><span class=\"aioseo-breadcrumb\">\n\t\t\t<a href=\"https:\/\/orbi360.com\/site\" title=\"Home\">Home<\/a>\n\t\t<\/span><span class=\"aioseo-breadcrumb-separator\">&raquo;<\/span><span class=\"aioseo-breadcrumb\">\n\t\t\t<a href=\"https:\/\/orbi360.com\/site\/category\/sem-categoria\/\" title=\"Orbi360\">Orbi360<\/a>\n\t\t<\/span><span class=\"aioseo-breadcrumb-separator\">&raquo;<\/span><span class=\"aioseo-breadcrumb\">\n\t\t\t\ud83d\udc99 Recebemos o diagn\u00f3stico: E agora?\n\t\t<\/span><\/div>","aioseo_breadcrumb_json":[{"label":"Home","link":"https:\/\/orbi360.com\/site"},{"label":"Orbi360","link":"https:\/\/orbi360.com\/site\/category\/sem-categoria\/"},{"label":"\ud83d\udc99 Recebemos o diagn\u00f3stico: E agora?","link":"https:\/\/orbi360.com\/site\/%f0%9f%92%99-austista-recebemos-o-diagnostico-e-agora\/"}],"_links":{"self":[{"href":"https:\/\/orbi360.com\/site\/wp-json\/wp\/v2\/posts\/149","targetHints":{"allow":["GET"]}}],"collection":[{"href":"https:\/\/orbi360.com\/site\/wp-json\/wp\/v2\/posts"}],"about":[{"href":"https:\/\/orbi360.com\/site\/wp-json\/wp\/v2\/types\/post"}],"author":[{"embeddable":true,"href":"https:\/\/orbi360.com\/site\/wp-json\/wp\/v2\/users\/1"}],"replies":[{"embeddable":true,"href":"https:\/\/orbi360.com\/site\/wp-json\/wp\/v2\/comments?post=149"}],"version-history":[{"count":2,"href":"https:\/\/orbi360.com\/site\/wp-json\/wp\/v2\/posts\/149\/revisions"}],"predecessor-version":[{"id":156,"href":"https:\/\/orbi360.com\/site\/wp-json\/wp\/v2\/posts\/149\/revisions\/156"}],"wp:featuredmedia":[{"embeddable":true,"href":"https:\/\/orbi360.com\/site\/wp-json\/wp\/v2\/media\/150"}],"wp:attachment":[{"href":"https:\/\/orbi360.com\/site\/wp-json\/wp\/v2\/media?parent=149"}],"wp:term":[{"taxonomy":"category","embeddable":true,"href":"https:\/\/orbi360.com\/site\/wp-json\/wp\/v2\/categories?post=149"},{"taxonomy":"post_tag","embeddable":true,"href":"https:\/\/orbi360.com\/site\/wp-json\/wp\/v2\/tags?post=149"}],"curies":[{"name":"wp","href":"https:\/\/api.w.org\/{rel}","templated":true}]}}