{"id":232,"date":"2026-01-19T14:30:54","date_gmt":"2026-01-19T17:30:54","guid":{"rendered":"https:\/\/orbi360.com\/site\/?p=232"},"modified":"2026-02-23T17:57:31","modified_gmt":"2026-02-23T20:57:31","slug":"terms-of-use-orb360-pt-br","status":"publish","type":"post","link":"https:\/\/orbi360.com\/site\/terms-of-use-orb360-pt-br\/","title":{"rendered":"Terms of Use \u2013 ORB360 &#8211; PT-BR"},"content":{"rendered":"<p>Aqui est\u00e1 o <strong>Termo de Uso<\/strong> revisado, focado exclusivamente nos aspectos legais e nas regras que o usu\u00e1rio precisa conhecer, sem detalhes t\u00e9cnicos ou exemplos de linguagem inadequada:<\/p>\n<hr \/>\n<h1><strong>Termos de Uso \u2013 ORB360<\/strong><\/h1>\n<p>Bem-vindo(a) ao ORB360.<\/p>\n<p>Ao acessar, navegar ou utilizar esta plataforma, voc\u00ea declara que leu, compreendeu e concorda integralmente com os presentes Termos de Uso (&#8220;Termos&#8221;). Caso n\u00e3o concorde com qualquer parte destes Termos, n\u00e3o utilize a plataforma.<\/p>\n<hr \/>\n<h2><strong>1. Aceita\u00e7\u00e3o dos Termos<\/strong><\/h2>\n<p>O acesso e uso do ORB360 est\u00e3o condicionados \u00e0 aceita\u00e7\u00e3o plena e irrestrita destes Termos, bem como da <strong>Pol\u00edtica de Privacidade<\/strong> e das <strong>Pol\u00edticas da Comunidade<\/strong>, dispon\u00edveis por meio de links pr\u00f3prios.<\/p>\n<p>Os Termos podem ser disponibilizados em vers\u00f5es espec\u00edficas conforme o pa\u00eds, regi\u00e3o ou localidade (locale) do usu\u00e1rio, com o objetivo de refletir as leis e regulamentos aplic\u00e1veis em cada jurisdi\u00e7\u00e3o.<\/p>\n<hr \/>\n<h2><strong>2. Requisitos de Idade<\/strong><\/h2>\n<p>Esta plataforma \u00e9 destinada exclusivamente a pessoas com <strong>13 (treze) anos de idade ou mais<\/strong>.<\/p>\n<p>Caso voc\u00ea seja menor de 13 (treze) anos, \u00e9 expressamente proibido o uso da plataforma. Nessa hip\u00f3tese, orientamos que informe seus pais ou respons\u00e1veis legais, para que, se desejarem, conhe\u00e7am a plataforma.<\/p>\n<hr \/>\n<h2><strong>3. Uso da Plataforma e Responsabilidade do Usu\u00e1rio<\/strong><\/h2>\n<p>O uso do ORB360 \u00e9 feito por sua conta e risco.<\/p>\n<p>Qualquer decis\u00e3o, a\u00e7\u00e3o ou interpreta\u00e7\u00e3o baseada em informa\u00e7\u00f5es obtidas na plataforma deve ser realizada com cautela, sempre considerando fontes oficiais e profissionais qualificados, quando aplic\u00e1vel.<\/p>\n<p>O usu\u00e1rio declara estar ciente de que:<\/p>\n<ul>\n<li>\u00c9 sua responsabilidade cumprir as leis, normas e regulamentos vigentes em seu pa\u00eds ou regi\u00e3o;<\/li>\n<li>Deve verificar a legalidade do uso da plataforma conforme sua jurisdi\u00e7\u00e3o;<\/li>\n<li>O ORB360 n\u00e3o se responsabiliza por decis\u00f5es tomadas com base exclusiva em seu conte\u00fado.<\/li>\n<\/ul>\n<hr \/>\n<h2><strong>4. Natureza do Conte\u00fado<\/strong><\/h2>\n<p>As informa\u00e7\u00f5es disponibilizadas no ORB360 s\u00e3o geradas exclusivamente pela <strong>comunidade neurodivergente<\/strong>, a partir de experi\u00eancias pessoais, percep\u00e7\u00f5es individuais e contribui\u00e7\u00f5es colaborativas, podendo tamb\u00e9m envolver processos automatizados, incluindo o uso de intelig\u00eancia artificial.<\/p>\n<p>Dessa forma, o usu\u00e1rio reconhece que tais informa\u00e7\u00f5es:<\/p>\n<ul>\n<li>Podem n\u00e3o ter sido auditadas, verificadas ou validadas por fontes oficiais;<\/li>\n<li>Podem estar sujeitas a revis\u00e3o, modera\u00e7\u00e3o ou atualiza\u00e7\u00e3o posterior;<\/li>\n<li>Podem n\u00e3o refletir com precis\u00e3o a realidade objetiva, inclusive no momento corrente.<\/li>\n<\/ul>\n<hr \/>\n<h2><strong>5. Consci\u00eancia, Verifica\u00e7\u00e3o e Uso Adequado das Informa\u00e7\u00f5es<\/strong><\/h2>\n<p>Ao aceitar estes Termos e utilizar a plataforma, o usu\u00e1rio declara plena ci\u00eancia e responsabilidade de que:<\/p>\n<ul>\n<li>Parte do conte\u00fado pode ser gerado ou auxiliado por intelig\u00eancia artificial;<\/li>\n<li>Parte do conte\u00fado pode ser produzida pela pr\u00f3pria comunidade, sem valida\u00e7\u00e3o t\u00e9cnica, m\u00e9dica, jur\u00eddica ou institucional;<\/li>\n<li>Todas as informa\u00e7\u00f5es devem passar por verifica\u00e7\u00e3o adicional (&#8220;double check&#8221;) antes de qualquer uso pr\u00e1tico;<\/li>\n<li>\u00c9 indispens\u00e1vel a consulta direta a \u00f3rg\u00e3os oficiais, autoridades competentes, profissionais habilitados e fontes confi\u00e1veis, especialmente em temas m\u00e9dicos, jur\u00eddicos, educacionais, regulat\u00f3rios ou administrativos.<\/li>\n<\/ul>\n<hr \/>\n<h2><strong>6. Car\u00e1ter Exclusivamente Informativo<\/strong><\/h2>\n<p>Em hip\u00f3tese alguma, qualquer conte\u00fado, funcionalidade, recomenda\u00e7\u00e3o, opini\u00e3o ou informa\u00e7\u00e3o disponibilizada no ORB360:<\/p>\n<ul>\n<li>Substitui, prevalece ou se sobrep\u00f5e a leis, regulamentos, normas ou orienta\u00e7\u00f5es oficiais;<\/li>\n<li>Substitui pareceres, diagn\u00f3sticos ou orienta\u00e7\u00f5es de profissionais qualificados, incluindo, mas n\u00e3o se limitando a m\u00e9dicos, psic\u00f3logos, advogados ou outros especialistas;<\/li>\n<li>Deve ser interpretado como informa\u00e7\u00e3o oficial, t\u00e9cnica, m\u00e9dica, jur\u00eddica, regulat\u00f3ria ou institucional.<\/li>\n<\/ul>\n<p>O conte\u00fado do ORB360 destina-se exclusivamente a fins informativos, como refer\u00eancia inicial e ponto de partida para pesquisa e conscientiza\u00e7\u00e3o, n\u00e3o devendo ser utilizado como base \u00fanica ou definitiva para decis\u00f5es pessoais, m\u00e9dicas, jur\u00eddicas ou de qualquer outra natureza relevante.<\/p>\n<hr \/>\n<h2><strong>7. Pol\u00edticas da Comunidade<\/strong><\/h2>\n<h3><strong>7.1. Modera\u00e7\u00e3o de Conte\u00fado<\/strong><\/h3>\n<p>O ORB360 utiliza sistemas automatizados de intelig\u00eancia artificial para an\u00e1lise e modera\u00e7\u00e3o de conte\u00fado publicado pelos usu\u00e1rios, com o objetivo de manter um ambiente seguro, respeitoso e acolhedor.<\/p>\n<p>Todos os coment\u00e1rios e contribui\u00e7\u00f5es submetidos \u00e0 plataforma s\u00e3o submetidos a an\u00e1lise autom\u00e1tica para identifica\u00e7\u00e3o de:<\/p>\n<ul>\n<li>Linguagem ofensiva ou inadequada<\/li>\n<li>Conte\u00fado proibido por lei ou pelas diretrizes da comunidade<\/li>\n<li>Spam ou conte\u00fado comercial n\u00e3o autorizado<\/li>\n<li>Informa\u00e7\u00f5es falsas ou enganosas<\/li>\n<li>Viola\u00e7\u00f5es de privacidade ou direitos de terceiros<\/li>\n<\/ul>\n<hr \/>\n<h3><strong>7.2. Controle de Visibilidade de Conte\u00fado<\/strong><\/h3>\n<h4><strong>7.2.1. Configura\u00e7\u00e3o Pessoal de Sensibilidade<\/strong><\/h4>\n<p>Cada usu\u00e1rio pode configurar seu n\u00edvel de sensibilidade pessoal, determinando quais tipos de conte\u00fado deseja visualizar na plataforma. As op\u00e7\u00f5es dispon\u00edveis s\u00e3o:<\/p>\n<ul>\n<li><strong>Restrito<\/strong>: visualiza apenas conte\u00fado sem linguagem inadequada<\/li>\n<li><strong>Moderado<\/strong>: visualiza conte\u00fado com linguagem levemente inadequada<\/li>\n<li><strong>Intermedi\u00e1rio<\/strong>: visualiza conte\u00fado com linguagem moderadamente inadequada<\/li>\n<li><strong>Completo<\/strong>: visualiza todo o conte\u00fado classificado dispon\u00edvel<\/li>\n<\/ul>\n<p>A configura\u00e7\u00e3o padr\u00e3o para novos usu\u00e1rios \u00e9 <strong>Restrito<\/strong>.<\/p>\n<h4><strong>7.2.2. Visualiza\u00e7\u00e3o dos Pr\u00f3prios Coment\u00e1rios<\/strong><\/h4>\n<p>Voc\u00ea sempre visualizar\u00e1 seus pr\u00f3prios coment\u00e1rios, independentemente da configura\u00e7\u00e3o de sensibilidade ou da classifica\u00e7\u00e3o atribu\u00edda ao conte\u00fado.<\/p>\n<h4><strong>7.2.3. Visualiza\u00e7\u00e3o de Coment\u00e1rios de Terceiros<\/strong><\/h4>\n<p>Coment\u00e1rios publicados por outros usu\u00e1rios ser\u00e3o automaticamente filtrados de acordo com:<\/p>\n<ul>\n<li>Sua configura\u00e7\u00e3o pessoal de sensibilidade<\/li>\n<li>A classifica\u00e7\u00e3o atribu\u00edda ao coment\u00e1rio pelo sistema<\/li>\n<li>O status de processamento do coment\u00e1rio<\/li>\n<\/ul>\n<p>Voc\u00ea n\u00e3o visualizar\u00e1 coment\u00e1rios que:<\/p>\n<ul>\n<li>Tenham classifica\u00e7\u00e3o acima do seu n\u00edvel configurado<\/li>\n<li>Ainda estejam em processamento (exceto seus pr\u00f3prios)<\/li>\n<li>Tenham sido removidos por viola\u00e7\u00e3o das diretrizes<\/li>\n<\/ul>\n<h4><strong>7.2.4. Per\u00edodo de Processamento<\/strong><\/h4>\n<p>Coment\u00e1rios rec\u00e9m-publicados passam por an\u00e1lise autom\u00e1tica que pode levar alguns segundos ou minutos. Durante esse per\u00edodo:<\/p>\n<ul>\n<li>O autor visualiza seu pr\u00f3prio coment\u00e1rio com indica\u00e7\u00e3o de processamento<\/li>\n<li>Outros usu\u00e1rios n\u00e3o visualizam o coment\u00e1rio at\u00e9 conclus\u00e3o da an\u00e1lise<\/li>\n<li>Ap\u00f3s an\u00e1lise, o coment\u00e1rio segue as regras normais de visibilidade<\/li>\n<\/ul>\n<hr \/>\n<h3><strong>7.3. Conte\u00fado Proibido<\/strong><\/h3>\n<p>S\u00e3o expressamente proibidos na plataforma:<\/p>\n<ul>\n<li>Discurso de \u00f3dio, discrimina\u00e7\u00e3o ou preconceito de qualquer natureza<\/li>\n<li>Amea\u00e7as, incita\u00e7\u00e3o \u00e0 viol\u00eancia ou terrorismo<\/li>\n<li>Conte\u00fado sexual expl\u00edcito ou pornogr\u00e1fico<\/li>\n<li>Ass\u00e9dio, persegui\u00e7\u00e3o ou intimida\u00e7\u00e3o<\/li>\n<li>Informa\u00e7\u00f5es falsas que possam causar danos<\/li>\n<li>Viola\u00e7\u00e3o de privacidade ou divulga\u00e7\u00e3o n\u00e3o autorizada de dados pessoais<\/li>\n<li>Fraude, golpes ou esquemas enganosos<\/li>\n<li>Apologia ou incita\u00e7\u00e3o a crimes ou atividades ilegais<\/li>\n<li>Viola\u00e7\u00e3o de direitos de propriedade intelectual<\/li>\n<\/ul>\n<p>Coment\u00e1rios identificados como proibidos s\u00e3o automaticamente removidos.<\/p>\n<hr \/>\n<h3><strong>7.4. Consequ\u00eancias de Viola\u00e7\u00f5es<\/strong><\/h3>\n<h4><strong>7.4.1. Notifica\u00e7\u00f5es<\/strong><\/h4>\n<p>Usu\u00e1rios que publicarem conte\u00fado inadequado receber\u00e3o notifica\u00e7\u00e3o autom\u00e1tica informando sobre a viola\u00e7\u00e3o identificada.<\/p>\n<h4><strong>7.4.2. Registro de Infra\u00e7\u00f5es<\/strong><\/h4>\n<p>A plataforma mant\u00e9m registro de infra\u00e7\u00f5es no perfil do usu\u00e1rio para fins de modera\u00e7\u00e3o e seguran\u00e7a da comunidade.<\/p>\n<h4><strong>7.4.3. Medidas Progressivas<\/strong><\/h4>\n<p>Dependendo da gravidade e frequ\u00eancia das viola\u00e7\u00f5es, podem ser aplicadas:<\/p>\n<ul>\n<li>Alertas educativos<\/li>\n<li>Restri\u00e7\u00f5es tempor\u00e1rias de publica\u00e7\u00e3o<\/li>\n<li>Suspens\u00e3o tempor\u00e1ria ou permanente da conta<\/li>\n<li>Exclus\u00e3o definitiva do usu\u00e1rio da plataforma<\/li>\n<\/ul>\n<hr \/>\n<h3><strong>7.5. Responsabilidade pelo Conte\u00fado Publicado<\/strong><\/h3>\n<p>Ao publicar conte\u00fado na plataforma, voc\u00ea:<\/p>\n<ul>\n<li>Declara ser o autor original ou possuir os direitos necess\u00e1rios<\/li>\n<li>Assume total responsabilidade pelas informa\u00e7\u00f5es compartilhadas<\/li>\n<li>Compromete-se a respeitar as leis aplic\u00e1veis e as diretrizes da comunidade<\/li>\n<li>Reconhece que o conte\u00fado pode ser analisado por sistemas automatizados<\/li>\n<li>Aceita as consequ\u00eancias previstas para viola\u00e7\u00f5es das pol\u00edticas<\/li>\n<\/ul>\n<hr \/>\n<h3><strong>7.6. Direito de Recurso<\/strong><\/h3>\n<p>Usu\u00e1rios que discordarem de classifica\u00e7\u00f5es ou remo\u00e7\u00f5es de conte\u00fado podem solicitar revis\u00e3o humana atrav\u00e9s dos canais oficiais da plataforma.<\/p>\n<p>O processo de recurso inclui:<\/p>\n<ul>\n<li>Submiss\u00e3o de solicita\u00e7\u00e3o formal de revis\u00e3o<\/li>\n<li>An\u00e1lise por moderadores humanos<\/li>\n<li>Resposta fundamentada em at\u00e9 7 (sete) dias \u00fateis<\/li>\n<li>Decis\u00e3o final sobre a manuten\u00e7\u00e3o ou revers\u00e3o da medida aplicada<\/li>\n<\/ul>\n<hr \/>\n<h3><strong>7.7. Privacidade e Processamento de Dados<\/strong><\/h3>\n<p>A an\u00e1lise de conte\u00fado envolve processamento automatizado de informa\u00e7\u00f5es publicadas pelos usu\u00e1rios, incluindo:<\/p>\n<ul>\n<li>An\u00e1lise textual para classifica\u00e7\u00e3o tem\u00e1tica<\/li>\n<li>Identifica\u00e7\u00e3o de linguagem inadequada<\/li>\n<li>Avalia\u00e7\u00e3o de sentimento e contexto<\/li>\n<li>Categoriza\u00e7\u00e3o de conte\u00fado<\/li>\n<\/ul>\n<p>O processamento respeita integralmente a Pol\u00edtica de Privacidade da plataforma e a legisla\u00e7\u00e3o aplic\u00e1vel de prote\u00e7\u00e3o de dados (LGPD, GDPR e similares).<\/p>\n<p>Coment\u00e1rios removidos s\u00e3o marcados como inativos, mas mantidos no sistema para fins de auditoria e cumprimento de obriga\u00e7\u00f5es legais.<\/p>\n<hr \/>\n<h3><strong>7.8. Contexto e Exce\u00e7\u00f5es<\/strong><\/h3>\n<p>O sistema de modera\u00e7\u00e3o considera o contexto da publica\u00e7\u00e3o, incluindo:<\/p>\n<ul>\n<li>Discuss\u00f5es educacionais sobre neurodiverg\u00eancia<\/li>\n<li>Relatos de experi\u00eancias pessoais<\/li>\n<li>Debates sobre discrimina\u00e7\u00e3o e capacitismo<\/li>\n<li>Cita\u00e7\u00f5es necess\u00e1rias ao contexto da discuss\u00e3o<\/li>\n<\/ul>\n<p>A plataforma reconhece que discuss\u00f5es sobre traumas, discrimina\u00e7\u00e3o e sa\u00fade mental podem envolver linguagem emocionalmente carregada, aplicando an\u00e1lise contextual antes de classifica\u00e7\u00f5es.<\/p>\n<hr \/>\n<h2><strong>8. Propriedade Intelectual<\/strong><\/h2>\n<h3><strong>8.1. Direitos do Usu\u00e1rio<\/strong><\/h3>\n<p>Voc\u00ea mant\u00e9m todos os direitos sobre o conte\u00fado original que publicar na plataforma.<\/p>\n<h3><strong>8.2. Licen\u00e7a de Uso Concedida \u00e0 Plataforma<\/strong><\/h3>\n<p>Ao publicar conte\u00fado, voc\u00ea concede ao ORB360 licen\u00e7a mundial, n\u00e3o exclusiva, gratuita e transfer\u00edvel para:<\/p>\n<ul>\n<li>Exibir, reproduzir e distribuir o conte\u00fado na plataforma<\/li>\n<li>Realizar an\u00e1lises e processamentos necess\u00e1rios ao funcionamento do servi\u00e7o<\/li>\n<li>Armazenar e fazer backup do conte\u00fado<\/li>\n<li>Permitir que outros usu\u00e1rios acessem e interajam com o conte\u00fado conforme as funcionalidades da plataforma<\/li>\n<\/ul>\n<p>Esta licen\u00e7a permanece v\u00e1lida enquanto o conte\u00fado estiver publicado na plataforma.<\/p>\n<h3><strong>8.3. Remo\u00e7\u00e3o de Conte\u00fado<\/strong><\/h3>\n<p>Voc\u00ea pode remover seu conte\u00fado a qualquer momento, encerrando a licen\u00e7a concedida, ressalvadas as hip\u00f3teses de reten\u00e7\u00e3o necess\u00e1ria para cumprimento de obriga\u00e7\u00f5es legais ou contratuais.<\/p>\n<hr \/>\n<h2><strong>9. Limita\u00e7\u00e3o de Responsabilidade<\/strong><\/h2>\n<h3><strong>9.1. Conte\u00fado de Terceiros<\/strong><\/h3>\n<p>O ORB360 n\u00e3o se responsabiliza por:<\/p>\n<ul>\n<li>Veracidade, precis\u00e3o ou confiabilidade do conte\u00fado publicado por usu\u00e1rios<\/li>\n<li>Danos decorrentes do uso de informa\u00e7\u00f5es obtidas na plataforma<\/li>\n<li>A\u00e7\u00f5es ou omiss\u00f5es de outros usu\u00e1rios<\/li>\n<li>Conte\u00fado inadequado que eventualmente n\u00e3o seja identificado pelos sistemas de modera\u00e7\u00e3o<\/li>\n<\/ul>\n<h3><strong>9.2. Disponibilidade do Servi\u00e7o<\/strong><\/h3>\n<p>A plataforma n\u00e3o garante:<\/p>\n<ul>\n<li>Disponibilidade ininterrupta ou livre de erros<\/li>\n<li>Aus\u00eancia de v\u00edrus ou componentes prejudiciais<\/li>\n<li>Compatibilidade com todos os dispositivos ou sistemas<\/li>\n<\/ul>\n<h3><strong>9.3. Exclus\u00e3o de Garantias<\/strong><\/h3>\n<p>O servi\u00e7o \u00e9 fornecido &#8220;no estado em que se encontra&#8221; e &#8220;conforme dispon\u00edvel&#8221;, sem garantias expressas ou impl\u00edcitas de qualquer natureza.<\/p>\n<hr \/>\n<h2><strong>10. Indeniza\u00e7\u00e3o<\/strong><\/h2>\n<p>Voc\u00ea concorda em indenizar, defender e isentar o ORB360, seus representantes, diretores, funcion\u00e1rios e parceiros de quaisquer reivindica\u00e7\u00f5es, perdas, responsabilidades, danos, custos e despesas (incluindo honor\u00e1rios advocat\u00edcios) decorrentes de:<\/p>\n<ul>\n<li>Viola\u00e7\u00e3o destes Termos de Uso<\/li>\n<li>Viola\u00e7\u00e3o de direitos de terceiros<\/li>\n<li>Uso inadequado da plataforma<\/li>\n<li>Conte\u00fado publicado por voc\u00ea<\/li>\n<\/ul>\n<hr \/>\n<h2><strong>11. Rescis\u00e3o<\/strong><\/h2>\n<h3><strong>11.1. Rescis\u00e3o pelo Usu\u00e1rio<\/strong><\/h3>\n<p>Voc\u00ea pode encerrar sua conta a qualquer momento atrav\u00e9s das configura\u00e7\u00f5es da plataforma.<\/p>\n<h3><strong>11.2. Rescis\u00e3o pela Plataforma<\/strong><\/h3>\n<p>O ORB360 reserva-se o direito de suspender ou encerrar sua conta, a qualquer momento e sem aviso pr\u00e9vio, em caso de:<\/p>\n<ul>\n<li>Viola\u00e7\u00e3o destes Termos de Uso<\/li>\n<li>Uso fraudulento ou abusivo da plataforma<\/li>\n<li>Comportamento que prejudique outros usu\u00e1rios ou a comunidade<\/li>\n<li>Determina\u00e7\u00e3o legal ou ordem judicial<\/li>\n<\/ul>\n<hr \/>\n<h2><strong>12. Modifica\u00e7\u00f5es dos Termos<\/strong><\/h2>\n<p>O ORB360 reserva-se o direito de alterar, atualizar ou modificar estes Termos a qualquer momento.<\/p>\n<p>Modifica\u00e7\u00f5es significativas ser\u00e3o comunicadas aos usu\u00e1rios atrav\u00e9s de:<\/p>\n<ul>\n<li>Notifica\u00e7\u00e3o na plataforma<\/li>\n<li>E-mail cadastrado (quando aplic\u00e1vel)<\/li>\n<li>Aviso destacado no acesso \u00e0 plataforma<\/li>\n<\/ul>\n<p>O uso cont\u00ednuo da plataforma ap\u00f3s altera\u00e7\u00f5es implica aceita\u00e7\u00e3o autom\u00e1tica dos Termos atualizados. Caso n\u00e3o concorde com as modifica\u00e7\u00f5es, voc\u00ea deve encerrar o uso da plataforma.<\/p>\n<hr \/>\n<h2><strong>13. Lei Aplic\u00e1vel e Foro<\/strong><\/h2>\n<p>Estes Termos s\u00e3o regidos pelas leis brasileiras.<\/p>\n<p>Para usu\u00e1rios localizados em outras jurisdi\u00e7\u00f5es, aplicam-se as leis de prote\u00e7\u00e3o ao consumidor e regulamentos locais aplic\u00e1veis.<\/p>\n<hr \/>\n<h2><strong>14. Disposi\u00e7\u00f5es Gerais<\/strong><\/h2>\n<h3><strong>14.1. Totalidade do Acordo<\/strong><\/h3>\n<p>Estes Termos, juntamente com a Pol\u00edtica de Privacidade e as Pol\u00edticas da Comunidade, constituem o acordo integral entre voc\u00ea e o ORB360.<\/p>\n<h3><strong>14.2. Independ\u00eancia das Cl\u00e1usulas<\/strong><\/h3>\n<p>Caso qualquer disposi\u00e7\u00e3o destes Termos seja considerada inv\u00e1lida ou inexequ\u00edvel, as demais disposi\u00e7\u00f5es permanecer\u00e3o em pleno vigor e efeito.<\/p>\n<h3><strong>14.3. Ren\u00fancia<\/strong><\/h3>\n<p>A n\u00e3o aplica\u00e7\u00e3o de qualquer disposi\u00e7\u00e3o destes Termos n\u00e3o constitui ren\u00fancia ao direito de faz\u00ea-lo posteriormente.<\/p>\n<h3><strong>14.4. Cess\u00e3o<\/strong><\/h3>\n<p>Voc\u00ea n\u00e3o pode transferir ou ceder seus direitos ou obriga\u00e7\u00f5es sob estes Termos sem consentimento pr\u00e9vio e por escrito do ORB360.<\/p>\n<p><strong>Ao utilizar a plataforma ORB360, voc\u00ea declara ter lido, compreendido e concordado integralmente com estes Termos de Uso, comprometendo-se a respeit\u00e1-los durante todo o per\u00edodo de utiliza\u00e7\u00e3o da plataforma.<\/strong><\/p>\n<hr \/>\n<p>&nbsp;<\/p>\n","protected":false},"excerpt":{"rendered":"<p>Aqui est\u00e1 o Termo de Uso revisado, focado exclusivamente nos aspectos legais e nas regras que o usu\u00e1rio precisa conhecer, sem detalhes t\u00e9cnicos ou exemplos de linguagem inadequada: Termos de Uso \u2013 ORB360 Bem-vindo(a) ao ORB360. Ao acessar, navegar ou utilizar esta plataforma, voc\u00ea declara que leu, compreendeu e concorda integralmente com os presentes Termos &#8230; <a title=\"Terms of Use \u2013 ORB360 &#8211; PT-BR\" class=\"read-more\" href=\"https:\/\/orbi360.com\/site\/terms-of-use-orb360-pt-br\/\" aria-label=\"Read more about Terms of Use \u2013 ORB360 &#8211; PT-BR\">Ler mais<\/a><\/p>\n","protected":false},"author":1,"featured_media":0,"comment_status":"open","ping_status":"open","sticky":false,"template":"","format":"standard","meta":{"footnotes":""},"categories":[1],"tags":[],"class_list":["post-232","post","type-post","status-publish","format-standard","hentry","category-sem-categoria"],"aioseo_notices":[],"aioseo_head":"\n\t\t<!-- All in One SEO 4.9.10 - aioseo.com -->\n\t<meta name=\"description\" content=\"Aqui est\u00e1 o Termo de Uso revisado, focado exclusivamente nos aspectos legais e nas regras que o usu\u00e1rio precisa conhecer, sem detalhes t\u00e9cnicos ou exemplos de linguagem inadequada: Termos de Uso \u2013 ORB360 Bem-vindo(a) ao ORB360. Ao acessar, navegar ou utilizar esta plataforma, voc\u00ea declara que leu, compreendeu e concorda integralmente com os presentes Termos\" \/>\n\t<meta name=\"robots\" content=\"max-image-preview:large\" \/>\n\t<link rel=\"canonical\" href=\"https:\/\/orbi360.com\/site\/terms-of-use-orb360-pt-br\/\" \/>\n\t<meta name=\"generator\" content=\"All in One SEO (AIOSEO) 4.9.10\" \/>\n\t\t<meta property=\"og:locale\" content=\"pt_BR\" \/>\n\t\t<meta property=\"og:site_name\" content=\"Orbi360 - Reviews, certifica\u00e7\u00f5es e recomenda\u00e7\u00f5es para fam\u00edlias at\u00edpicas - autismo e neurodivergentes\" \/>\n\t\t<meta property=\"og:type\" content=\"article\" \/>\n\t\t<meta property=\"og:title\" content=\"Terms of Use \u2013 ORB360 \u2013 PT-BR - Orbi360\" \/>\n\t\t<meta property=\"og:description\" content=\"Aqui est\u00e1 o Termo de Uso revisado, focado exclusivamente nos aspectos legais e nas regras que o usu\u00e1rio precisa conhecer, sem detalhes t\u00e9cnicos ou exemplos de linguagem inadequada: Termos de Uso \u2013 ORB360 Bem-vindo(a) ao ORB360. Ao acessar, navegar ou utilizar esta plataforma, voc\u00ea declara que leu, compreendeu e concorda integralmente com os presentes Termos\" \/>\n\t\t<meta property=\"og:url\" content=\"https:\/\/orbi360.com\/site\/terms-of-use-orb360-pt-br\/\" \/>\n\t\t<meta property=\"og:image\" content=\"https:\/\/orbi360.com\/site\/wp-content\/uploads\/2025\/07\/cropped-cropped-Logo-Orbi360-Redonda-Png-transparente.png\" \/>\n\t\t<meta property=\"og:image:secure_url\" content=\"https:\/\/orbi360.com\/site\/wp-content\/uploads\/2025\/07\/cropped-cropped-Logo-Orbi360-Redonda-Png-transparente.png\" \/>\n\t\t<meta property=\"article:published_time\" content=\"2026-01-19T17:30:54+00:00\" \/>\n\t\t<meta property=\"article:modified_time\" content=\"2026-02-23T20:57:31+00:00\" \/>\n\t\t<meta name=\"twitter:card\" content=\"summary_large_image\" \/>\n\t\t<meta name=\"twitter:title\" content=\"Terms of Use \u2013 ORB360 \u2013 PT-BR - Orbi360\" \/>\n\t\t<meta name=\"twitter:description\" content=\"Aqui est\u00e1 o Termo de Uso revisado, focado exclusivamente nos aspectos legais e nas regras que o usu\u00e1rio precisa conhecer, sem detalhes t\u00e9cnicos ou exemplos de linguagem inadequada: Termos de Uso \u2013 ORB360 Bem-vindo(a) ao ORB360. Ao acessar, navegar ou utilizar esta plataforma, voc\u00ea declara que leu, compreendeu e concorda integralmente com os presentes Termos\" \/>\n\t\t<meta name=\"twitter:image\" content=\"https:\/\/orbi360.com\/site\/wp-content\/uploads\/2025\/07\/cropped-cropped-Logo-Orbi360-Redonda-Png-transparente.png\" \/>\n\t\t<script type=\"application\/ld+json\" class=\"aioseo-schema\">\n\t\t\t{\"@context\":\"https:\\\/\\\/schema.org\",\"@graph\":[{\"@type\":\"BlogPosting\",\"@id\":\"https:\\\/\\\/orbi360.com\\\/site\\\/terms-of-use-orb360-pt-br\\\/#blogposting\",\"name\":\"Terms of Use \\u2013 ORB360 \\u2013 PT-BR - Orbi360\",\"headline\":\"Terms of Use \\u2013 ORB360 &#8211; PT-BR\",\"author\":{\"@id\":\"https:\\\/\\\/orbi360.com\\\/site\\\/author\\\/roger\\\/#author\"},\"publisher\":{\"@id\":\"https:\\\/\\\/orbi360.com\\\/site\\\/#organization\"},\"image\":{\"@type\":\"ImageObject\",\"url\":\"https:\\\/\\\/orbi360.com\\\/site\\\/wp-content\\\/uploads\\\/2025\\\/07\\\/cropped-cropped-Logo-Orbi360-Redonda-Png-transparente.png\",\"@id\":\"https:\\\/\\\/orbi360.com\\\/site\\\/#articleImage\",\"width\":512,\"height\":512},\"datePublished\":\"2026-01-19T14:30:54-03:00\",\"dateModified\":\"2026-02-23T17:57:31-03:00\",\"inLanguage\":\"pt-BR\",\"mainEntityOfPage\":{\"@id\":\"https:\\\/\\\/orbi360.com\\\/site\\\/terms-of-use-orb360-pt-br\\\/#webpage\"},\"isPartOf\":{\"@id\":\"https:\\\/\\\/orbi360.com\\\/site\\\/terms-of-use-orb360-pt-br\\\/#webpage\"},\"articleSection\":\"Orbi360\"},{\"@type\":\"BreadcrumbList\",\"@id\":\"https:\\\/\\\/orbi360.com\\\/site\\\/terms-of-use-orb360-pt-br\\\/#breadcrumblist\",\"itemListElement\":[{\"@type\":\"ListItem\",\"@id\":\"https:\\\/\\\/orbi360.com\\\/site#listItem\",\"position\":1,\"name\":\"Home\",\"item\":\"https:\\\/\\\/orbi360.com\\\/site\",\"nextItem\":{\"@type\":\"ListItem\",\"@id\":\"https:\\\/\\\/orbi360.com\\\/site\\\/category\\\/sem-categoria\\\/#listItem\",\"name\":\"Orbi360\"}},{\"@type\":\"ListItem\",\"@id\":\"https:\\\/\\\/orbi360.com\\\/site\\\/category\\\/sem-categoria\\\/#listItem\",\"position\":2,\"name\":\"Orbi360\",\"item\":\"https:\\\/\\\/orbi360.com\\\/site\\\/category\\\/sem-categoria\\\/\",\"nextItem\":{\"@type\":\"ListItem\",\"@id\":\"https:\\\/\\\/orbi360.com\\\/site\\\/terms-of-use-orb360-pt-br\\\/#listItem\",\"name\":\"Terms of Use \\u2013 ORB360 &#8211; PT-BR\"},\"previousItem\":{\"@type\":\"ListItem\",\"@id\":\"https:\\\/\\\/orbi360.com\\\/site#listItem\",\"name\":\"Home\"}},{\"@type\":\"ListItem\",\"@id\":\"https:\\\/\\\/orbi360.com\\\/site\\\/terms-of-use-orb360-pt-br\\\/#listItem\",\"position\":3,\"name\":\"Terms of Use \\u2013 ORB360 &#8211; PT-BR\",\"previousItem\":{\"@type\":\"ListItem\",\"@id\":\"https:\\\/\\\/orbi360.com\\\/site\\\/category\\\/sem-categoria\\\/#listItem\",\"name\":\"Orbi360\"}}]},{\"@type\":\"Organization\",\"@id\":\"https:\\\/\\\/orbi360.com\\\/site\\\/#organization\",\"name\":\"Orbi360\",\"description\":\"Reviews, certifica\\u00e7\\u00f5es e recomenda\\u00e7\\u00f5es para fam\\u00edlias at\\u00edpicas - autismo e neurodivergentes\",\"url\":\"https:\\\/\\\/orbi360.com\\\/site\\\/\",\"logo\":{\"@type\":\"ImageObject\",\"url\":\"https:\\\/\\\/orbi360.com\\\/site\\\/wp-content\\\/uploads\\\/2025\\\/07\\\/cropped-cropped-Logo-Orbi360-Redonda-Png-transparente.png\",\"@id\":\"https:\\\/\\\/orbi360.com\\\/site\\\/terms-of-use-orb360-pt-br\\\/#organizationLogo\",\"width\":512,\"height\":512},\"image\":{\"@id\":\"https:\\\/\\\/orbi360.com\\\/site\\\/terms-of-use-orb360-pt-br\\\/#organizationLogo\"}},{\"@type\":\"Person\",\"@id\":\"https:\\\/\\\/orbi360.com\\\/site\\\/author\\\/roger\\\/#author\",\"url\":\"https:\\\/\\\/orbi360.com\\\/site\\\/author\\\/roger\\\/\",\"image\":{\"@type\":\"ImageObject\",\"@id\":\"https:\\\/\\\/orbi360.com\\\/site\\\/terms-of-use-orb360-pt-br\\\/#authorImage\",\"url\":\"https:\\\/\\\/secure.gravatar.com\\\/avatar\\\/6bd526149e5f30d56059718298de91b7815bb519abf8ef8f9ab79ebc84f0362d?s=96&d=mm&r=g\",\"width\":96,\"height\":96}},{\"@type\":\"WebPage\",\"@id\":\"https:\\\/\\\/orbi360.com\\\/site\\\/terms-of-use-orb360-pt-br\\\/#webpage\",\"url\":\"https:\\\/\\\/orbi360.com\\\/site\\\/terms-of-use-orb360-pt-br\\\/\",\"name\":\"Terms of Use \\u2013 ORB360 \\u2013 PT-BR - Orbi360\",\"description\":\"Aqui est\\u00e1 o Termo de Uso revisado, focado exclusivamente nos aspectos legais e nas regras que o usu\\u00e1rio precisa conhecer, sem detalhes t\\u00e9cnicos ou exemplos de linguagem inadequada: Termos de Uso \\u2013 ORB360 Bem-vindo(a) ao ORB360. Ao acessar, navegar ou utilizar esta plataforma, voc\\u00ea declara que leu, compreendeu e concorda integralmente com os presentes Termos\",\"inLanguage\":\"pt-BR\",\"isPartOf\":{\"@id\":\"https:\\\/\\\/orbi360.com\\\/site\\\/#website\"},\"breadcrumb\":{\"@id\":\"https:\\\/\\\/orbi360.com\\\/site\\\/terms-of-use-orb360-pt-br\\\/#breadcrumblist\"},\"author\":{\"@id\":\"https:\\\/\\\/orbi360.com\\\/site\\\/author\\\/roger\\\/#author\"},\"creator\":{\"@id\":\"https:\\\/\\\/orbi360.com\\\/site\\\/author\\\/roger\\\/#author\"},\"datePublished\":\"2026-01-19T14:30:54-03:00\",\"dateModified\":\"2026-02-23T17:57:31-03:00\"},{\"@type\":\"WebSite\",\"@id\":\"https:\\\/\\\/orbi360.com\\\/site\\\/#website\",\"url\":\"https:\\\/\\\/orbi360.com\\\/site\\\/\",\"name\":\"Orbi360\",\"description\":\"Reviews, certifica\\u00e7\\u00f5es e recomenda\\u00e7\\u00f5es para fam\\u00edlias at\\u00edpicas - autismo e neurodivergentes\",\"inLanguage\":\"pt-BR\",\"publisher\":{\"@id\":\"https:\\\/\\\/orbi360.com\\\/site\\\/#organization\"}}]}\n\t\t<\/script>\n\t\t<!-- All in One SEO -->\n\n","aioseo_head_json":{"title":"Terms of Use \u2013 ORB360 \u2013 PT-BR - Orbi360","description":"Aqui est\u00e1 o Termo de Uso revisado, focado exclusivamente nos aspectos legais e nas regras que o usu\u00e1rio precisa conhecer, sem detalhes t\u00e9cnicos ou exemplos de linguagem inadequada: Termos de Uso \u2013 ORB360 Bem-vindo(a) ao ORB360. Ao acessar, navegar ou utilizar esta plataforma, voc\u00ea declara que leu, compreendeu e concorda integralmente com os presentes Termos","canonical_url":"https:\/\/orbi360.com\/site\/terms-of-use-orb360-pt-br\/","robots":"max-image-preview:large","keywords":"","webmasterTools":{"miscellaneous":""},"schema":{"@context":"https:\/\/schema.org","@graph":[{"@type":"BlogPosting","@id":"https:\/\/orbi360.com\/site\/terms-of-use-orb360-pt-br\/#blogposting","name":"Terms of Use \u2013 ORB360 \u2013 PT-BR - Orbi360","headline":"Terms of Use \u2013 ORB360 &#8211; PT-BR","author":{"@id":"https:\/\/orbi360.com\/site\/author\/roger\/#author"},"publisher":{"@id":"https:\/\/orbi360.com\/site\/#organization"},"image":{"@type":"ImageObject","url":"https:\/\/orbi360.com\/site\/wp-content\/uploads\/2025\/07\/cropped-cropped-Logo-Orbi360-Redonda-Png-transparente.png","@id":"https:\/\/orbi360.com\/site\/#articleImage","width":512,"height":512},"datePublished":"2026-01-19T14:30:54-03:00","dateModified":"2026-02-23T17:57:31-03:00","inLanguage":"pt-BR","mainEntityOfPage":{"@id":"https:\/\/orbi360.com\/site\/terms-of-use-orb360-pt-br\/#webpage"},"isPartOf":{"@id":"https:\/\/orbi360.com\/site\/terms-of-use-orb360-pt-br\/#webpage"},"articleSection":"Orbi360"},{"@type":"BreadcrumbList","@id":"https:\/\/orbi360.com\/site\/terms-of-use-orb360-pt-br\/#breadcrumblist","itemListElement":[{"@type":"ListItem","@id":"https:\/\/orbi360.com\/site#listItem","position":1,"name":"Home","item":"https:\/\/orbi360.com\/site","nextItem":{"@type":"ListItem","@id":"https:\/\/orbi360.com\/site\/category\/sem-categoria\/#listItem","name":"Orbi360"}},{"@type":"ListItem","@id":"https:\/\/orbi360.com\/site\/category\/sem-categoria\/#listItem","position":2,"name":"Orbi360","item":"https:\/\/orbi360.com\/site\/category\/sem-categoria\/","nextItem":{"@type":"ListItem","@id":"https:\/\/orbi360.com\/site\/terms-of-use-orb360-pt-br\/#listItem","name":"Terms of Use \u2013 ORB360 &#8211; PT-BR"},"previousItem":{"@type":"ListItem","@id":"https:\/\/orbi360.com\/site#listItem","name":"Home"}},{"@type":"ListItem","@id":"https:\/\/orbi360.com\/site\/terms-of-use-orb360-pt-br\/#listItem","position":3,"name":"Terms of Use \u2013 ORB360 &#8211; PT-BR","previousItem":{"@type":"ListItem","@id":"https:\/\/orbi360.com\/site\/category\/sem-categoria\/#listItem","name":"Orbi360"}}]},{"@type":"Organization","@id":"https:\/\/orbi360.com\/site\/#organization","name":"Orbi360","description":"Reviews, certifica\u00e7\u00f5es e recomenda\u00e7\u00f5es para fam\u00edlias at\u00edpicas - autismo e neurodivergentes","url":"https:\/\/orbi360.com\/site\/","logo":{"@type":"ImageObject","url":"https:\/\/orbi360.com\/site\/wp-content\/uploads\/2025\/07\/cropped-cropped-Logo-Orbi360-Redonda-Png-transparente.png","@id":"https:\/\/orbi360.com\/site\/terms-of-use-orb360-pt-br\/#organizationLogo","width":512,"height":512},"image":{"@id":"https:\/\/orbi360.com\/site\/terms-of-use-orb360-pt-br\/#organizationLogo"}},{"@type":"Person","@id":"https:\/\/orbi360.com\/site\/author\/roger\/#author","url":"https:\/\/orbi360.com\/site\/author\/roger\/","image":{"@type":"ImageObject","@id":"https:\/\/orbi360.com\/site\/terms-of-use-orb360-pt-br\/#authorImage","url":"https:\/\/secure.gravatar.com\/avatar\/6bd526149e5f30d56059718298de91b7815bb519abf8ef8f9ab79ebc84f0362d?s=96&d=mm&r=g","width":96,"height":96}},{"@type":"WebPage","@id":"https:\/\/orbi360.com\/site\/terms-of-use-orb360-pt-br\/#webpage","url":"https:\/\/orbi360.com\/site\/terms-of-use-orb360-pt-br\/","name":"Terms of Use \u2013 ORB360 \u2013 PT-BR - Orbi360","description":"Aqui est\u00e1 o Termo de Uso revisado, focado exclusivamente nos aspectos legais e nas regras que o usu\u00e1rio precisa conhecer, sem detalhes t\u00e9cnicos ou exemplos de linguagem inadequada: Termos de Uso \u2013 ORB360 Bem-vindo(a) ao ORB360. Ao acessar, navegar ou utilizar esta plataforma, voc\u00ea declara que leu, compreendeu e concorda integralmente com os presentes Termos","inLanguage":"pt-BR","isPartOf":{"@id":"https:\/\/orbi360.com\/site\/#website"},"breadcrumb":{"@id":"https:\/\/orbi360.com\/site\/terms-of-use-orb360-pt-br\/#breadcrumblist"},"author":{"@id":"https:\/\/orbi360.com\/site\/author\/roger\/#author"},"creator":{"@id":"https:\/\/orbi360.com\/site\/author\/roger\/#author"},"datePublished":"2026-01-19T14:30:54-03:00","dateModified":"2026-02-23T17:57:31-03:00"},{"@type":"WebSite","@id":"https:\/\/orbi360.com\/site\/#website","url":"https:\/\/orbi360.com\/site\/","name":"Orbi360","description":"Reviews, certifica\u00e7\u00f5es e recomenda\u00e7\u00f5es para fam\u00edlias at\u00edpicas - autismo e neurodivergentes","inLanguage":"pt-BR","publisher":{"@id":"https:\/\/orbi360.com\/site\/#organization"}}]},"og:locale":"pt_BR","og:site_name":"Orbi360 - Reviews, certifica\u00e7\u00f5es e recomenda\u00e7\u00f5es para fam\u00edlias at\u00edpicas - autismo e neurodivergentes","og:type":"article","og:title":"Terms of Use \u2013 ORB360 \u2013 PT-BR - Orbi360","og:description":"Aqui est\u00e1 o Termo de Uso revisado, focado exclusivamente nos aspectos legais e nas regras que o usu\u00e1rio precisa conhecer, sem detalhes t\u00e9cnicos ou exemplos de linguagem inadequada: Termos de Uso \u2013 ORB360 Bem-vindo(a) ao ORB360. Ao acessar, navegar ou utilizar esta plataforma, voc\u00ea declara que leu, compreendeu e concorda integralmente com os presentes Termos","og:url":"https:\/\/orbi360.com\/site\/terms-of-use-orb360-pt-br\/","og:image":"https:\/\/orbi360.com\/site\/wp-content\/uploads\/2025\/07\/cropped-cropped-Logo-Orbi360-Redonda-Png-transparente.png","og:image:secure_url":"https:\/\/orbi360.com\/site\/wp-content\/uploads\/2025\/07\/cropped-cropped-Logo-Orbi360-Redonda-Png-transparente.png","article:published_time":"2026-01-19T17:30:54+00:00","article:modified_time":"2026-02-23T20:57:31+00:00","twitter:card":"summary_large_image","twitter:title":"Terms of Use \u2013 ORB360 \u2013 PT-BR - Orbi360","twitter:description":"Aqui est\u00e1 o Termo de Uso revisado, focado exclusivamente nos aspectos legais e nas regras que o usu\u00e1rio precisa conhecer, sem detalhes t\u00e9cnicos ou exemplos de linguagem inadequada: Termos de Uso \u2013 ORB360 Bem-vindo(a) ao ORB360. Ao acessar, navegar ou utilizar esta plataforma, voc\u00ea declara que leu, compreendeu e concorda integralmente com os presentes Termos","twitter:image":"https:\/\/orbi360.com\/site\/wp-content\/uploads\/2025\/07\/cropped-cropped-Logo-Orbi360-Redonda-Png-transparente.png"},"aioseo_meta_data":{"post_id":"232","title":null,"description":null,"keywords":null,"keyphrases":{"focus":{"keyphrase":"","score":0,"analysis":{"keyphraseInTitle":{"score":0,"maxScore":9,"error":1}}},"additional":[]},"primary_term":null,"canonical_url":null,"og_title":null,"og_description":null,"og_object_type":"default","og_image_type":"default","og_image_url":null,"og_image_width":null,"og_image_height":null,"og_image_custom_url":null,"og_image_custom_fields":null,"og_video":"","og_custom_url":null,"og_article_section":null,"og_article_tags":null,"twitter_use_og":false,"twitter_card":"default","twitter_image_type":"default","twitter_image_url":null,"twitter_image_custom_url":null,"twitter_image_custom_fields":null,"twitter_title":null,"twitter_description":null,"schema":{"blockGraphs":[],"customGraphs":[],"default":{"data":{"Article":[],"Course":[],"Dataset":[],"FAQPage":[],"Movie":[],"Person":[],"Product":[],"ProductReview":[],"Car":[],"Recipe":[],"Service":[],"SoftwareApplication":[],"WebPage":[]},"graphName":"BlogPosting","isEnabled":true},"graphs":[]},"schema_type":"default","schema_type_options":null,"pillar_content":false,"robots_default":true,"robots_noindex":false,"robots_noarchive":false,"robots_nosnippet":false,"robots_nofollow":false,"robots_noimageindex":false,"robots_noodp":false,"robots_notranslate":false,"robots_max_snippet":"-1","robots_max_videopreview":"-1","robots_max_imagepreview":"large","priority":null,"frequency":"default","local_seo":null,"breadcrumb_settings":null,"limit_modified_date":false,"ai":{"faqs":[],"keyPoints":[],"titles":[],"descriptions":[],"socialPosts":{"email":[],"linkedin":[],"twitter":[],"facebook":[],"instagram":[]}},"created":"2026-01-19 17:30:54","updated":"2026-02-23 22:21:15","seo_analyzer_scan_date":null},"aioseo_breadcrumb":"<div class=\"aioseo-breadcrumbs\"><span class=\"aioseo-breadcrumb\">\n\t\t\t<a href=\"https:\/\/orbi360.com\/site\" title=\"Home\">Home<\/a>\n\t\t<\/span><span class=\"aioseo-breadcrumb-separator\">&raquo;<\/span><span class=\"aioseo-breadcrumb\">\n\t\t\t<a href=\"https:\/\/orbi360.com\/site\/category\/sem-categoria\/\" title=\"Orbi360\">Orbi360<\/a>\n\t\t<\/span><span class=\"aioseo-breadcrumb-separator\">&raquo;<\/span><span class=\"aioseo-breadcrumb\">\n\t\t\tTerms of Use \u2013 ORB360 \u2013 PT-BR\n\t\t<\/span><\/div>","aioseo_breadcrumb_json":[{"label":"Home","link":"https:\/\/orbi360.com\/site"},{"label":"Orbi360","link":"https:\/\/orbi360.com\/site\/category\/sem-categoria\/"},{"label":"Terms of Use \u2013 ORB360 &#8211; PT-BR","link":"https:\/\/orbi360.com\/site\/terms-of-use-orb360-pt-br\/"}],"_links":{"self":[{"href":"https:\/\/orbi360.com\/site\/wp-json\/wp\/v2\/posts\/232","targetHints":{"allow":["GET"]}}],"collection":[{"href":"https:\/\/orbi360.com\/site\/wp-json\/wp\/v2\/posts"}],"about":[{"href":"https:\/\/orbi360.com\/site\/wp-json\/wp\/v2\/types\/post"}],"author":[{"embeddable":true,"href":"https:\/\/orbi360.com\/site\/wp-json\/wp\/v2\/users\/1"}],"replies":[{"embeddable":true,"href":"https:\/\/orbi360.com\/site\/wp-json\/wp\/v2\/comments?post=232"}],"version-history":[{"count":4,"href":"https:\/\/orbi360.com\/site\/wp-json\/wp\/v2\/posts\/232\/revisions"}],"predecessor-version":[{"id":301,"href":"https:\/\/orbi360.com\/site\/wp-json\/wp\/v2\/posts\/232\/revisions\/301"}],"wp:attachment":[{"href":"https:\/\/orbi360.com\/site\/wp-json\/wp\/v2\/media?parent=232"}],"wp:term":[{"taxonomy":"category","embeddable":true,"href":"https:\/\/orbi360.com\/site\/wp-json\/wp\/v2\/categories?post=232"},{"taxonomy":"post_tag","embeddable":true,"href":"https:\/\/orbi360.com\/site\/wp-json\/wp\/v2\/tags?post=232"}],"curies":[{"name":"wp","href":"https:\/\/api.w.org\/{rel}","templated":true}]}}