{"id":310,"date":"2026-05-12T18:09:46","date_gmt":"2026-05-12T21:09:46","guid":{"rendered":"https:\/\/orbi360.com\/site\/?p=310"},"modified":"2026-05-12T18:09:46","modified_gmt":"2026-05-12T21:09:46","slug":"autismo-intestino-e-suplementacao-o-que-a-ciencia-ja-sabe-sobre-microbiota-probioticos-e-saude-gastrointestinal","status":"publish","type":"post","link":"https:\/\/orbi360.com\/site\/autismo-intestino-e-suplementacao-o-que-a-ciencia-ja-sabe-sobre-microbiota-probioticos-e-saude-gastrointestinal\/","title":{"rendered":"Autismo, Intestino e Suplementa\u00e7\u00e3o: o que a ci\u00eancia j\u00e1 sabe sobre microbiota, probi\u00f3ticos e sa\u00fade gastrointestinal"},"content":{"rendered":"<p>Autismo, Intestino e Suplementa\u00e7\u00e3o: o que a ci\u00eancia j\u00e1 sabe sobre microbiota, probi\u00f3ticos e sa\u00fade gastrointestinal<\/p>\n<p>O autismo n\u00e3o afeta apenas comunica\u00e7\u00e3o, comportamento ou intera\u00e7\u00e3o social. Cada vez mais pesquisas mostram que o corpo tamb\u00e9m pode estar envolvido especialmente o sistema digestivo.<\/p>\n<p>Dor abdominal, refluxo, constipa\u00e7\u00e3o, gases, distens\u00e3o abdominal, seletividade alimentar e intestino irrit\u00e1vel aparecem com frequ\u00eancia significativamente maior em pessoas autistas quando comparadas \u00e0 popula\u00e7\u00e3o geral.<\/p>\n<p>Nos \u00faltimos anos, cientistas passaram a investigar uma poss\u00edvel rela\u00e7\u00e3o entre:<\/p>\n<p>\u2022 microbiota intestinal,<br \/>\n\u2022 inflama\u00e7\u00e3o,<br \/>\n\u2022 sistema imunol\u00f3gico,<br \/>\n\u2022 sistema nervoso,<br \/>\n\u2022 comportamento,<br \/>\n\u2022 regula\u00e7\u00e3o emocional.<\/p>\n<p>Essa conex\u00e3o \u00e9 conhecida como eixo intestino-c\u00e9rebro.<\/p>\n<p>O que \u00e9 o eixo intestino-c\u00e9rebro?<\/p>\n<p>O intestino possui milh\u00f5es de neur\u00f4nios e se comunica constantemente com o c\u00e9rebro atrav\u00e9s:<\/p>\n<p>\u2022 do nervo vago,<br \/>\n\u2022 de horm\u00f4nios,<br \/>\n\u2022 do sistema imunol\u00f3gico,<br \/>\n\u2022 de neurotransmissores,<br \/>\n\u2022 e da microbiota intestinal.<\/p>\n<p>A microbiota intestinal \u00e9 formada por trilh\u00f5es de microrganismos que ajudam:<\/p>\n<p>\u2022 na digest\u00e3o,<br \/>\n\u2022 na produ\u00e7\u00e3o de subst\u00e2ncias importantes,<br \/>\n\u2022 na prote\u00e7\u00e3o intestinal,<br \/>\n\u2022 na resposta inflamat\u00f3ria,<br \/>\n\u2022 e at\u00e9 na regula\u00e7\u00e3o do humor e do estresse.<\/p>\n<p>Diversos estudos encontraram altera\u00e7\u00f5es na microbiota de pessoas autistas, al\u00e9m de maior preval\u00eancia de sintomas gastrointestinais.<\/p>\n<p>Por que problemas intestinais s\u00e3o t\u00e3o comuns no autismo?<\/p>\n<p>N\u00e3o existe uma \u00fanica resposta, mas pesquisadores apontam v\u00e1rios fatores poss\u00edveis:<\/p>\n<p>\u2022 hiperatividade do sistema nervoso,<br \/>\n\u2022 estresse constante,<br \/>\n\u2022 seletividade alimentar,<br \/>\n\u2022 altera\u00e7\u00f5es sensoriais,<br \/>\n\u2022 inflama\u00e7\u00e3o intestinal,<br \/>\n\u2022 altera\u00e7\u00f5es na microbiota,<br \/>\n\u2022 maior sensibilidade gastrointestinal,<br \/>\n\u2022 dificuldade de comunica\u00e7\u00e3o da dor,<br \/>\n\u2022 ansiedade cr\u00f4nica.<\/p>\n<p>O sistema nervoso autista frequentemente opera em estado de alerta elevado. Isso pode afetar diretamente:<\/p>\n<p>\u2022 motilidade intestinal,<br \/>\n\u2022 digest\u00e3o,<br \/>\n\u2022 absor\u00e7\u00e3o de nutrientes,<br \/>\n\u2022 funcionamento imunol\u00f3gico,<br \/>\n\u2022 e resposta inflamat\u00f3ria.<\/p>\n<p>O papel da alimenta\u00e7\u00e3o<\/p>\n<p>A alimenta\u00e7\u00e3o pode influenciar profundamente o funcionamento intestinal.<\/p>\n<p>Em muitos autistas, dificuldades sensoriais tornam a alimenta\u00e7\u00e3o limitada ou repetitiva, aumentando o risco de:<\/p>\n<p>\u2022 defici\u00eancia nutricional,<br \/>\n\u2022 baixa ingest\u00e3o de fibras,<br \/>\n\u2022 altera\u00e7\u00f5es na microbiota,<br \/>\n\u2022 piora gastrointestinal,<br \/>\n\u2022 fadiga,<br \/>\n\u2022 e inflama\u00e7\u00e3o.<\/p>\n<p>Uma alimenta\u00e7\u00e3o equilibrada pode ajudar:<\/p>\n<p>\u2022 na sa\u00fade intestinal,<br \/>\n\u2022 na energia,<br \/>\n\u2022 na regula\u00e7\u00e3o do organismo,<br \/>\n\u2022 no sono,<br \/>\n\u2022 e no bem-estar geral.<\/p>\n<p>Isso n\u00e3o significa \u201ccurar o autismo\u201d. O foco \u00e9 qualidade de vida e redu\u00e7\u00e3o de sofrimento f\u00edsico.<\/p>\n<p>Existe evid\u00eancia cient\u00edfica para suplementa\u00e7\u00e3o?<\/p>\n<p>Sim \u2014 mas com cautela.<\/p>\n<p>A ci\u00eancia j\u00e1 encontrou resultados promissores para algumas interven\u00e7\u00f5es nutricionais e suplementos em parte das pessoas autistas, principalmente relacionados \u00e0 sa\u00fade intestinal e sintomas gastrointestinais.<\/p>\n<p>Os estudos mais investigados envolvem:<\/p>\n<p>\u2022 probi\u00f3ticos,<br \/>\n\u2022 prebi\u00f3ticos,<br \/>\n\u2022 simbi\u00f3ticos,<br \/>\n\u2022 \u00f4mega-3,<br \/>\n\u2022 magn\u00e9sio,<br \/>\n\u2022 vitamina D,<br \/>\n\u2022 fibras,<br \/>\n\u2022 e nutrientes anti-inflamat\u00f3rios.<\/p>\n<p>Mas \u00e9 importante entender:<br \/>\nos resultados ainda variam entre os estudos, e n\u00e3o existe uma suplementa\u00e7\u00e3o universal que funcione para todos.<\/p>\n<p>Probi\u00f3ticos: o que os estudos mostram?<\/p>\n<p>Os probi\u00f3ticos s\u00e3o microrganismos vivos que podem auxiliar o equil\u00edbrio da microbiota intestinal.<\/p>\n<p>Pesquisas recentes mostram que algumas cepas probi\u00f3ticas podem contribuir para:<\/p>\n<p>\u2022 melhora de sintomas gastrointestinais,<br \/>\n\u2022 redu\u00e7\u00e3o de constipa\u00e7\u00e3o,<br \/>\n\u2022 melhora do desconforto intestinal,<br \/>\n\u2022 redu\u00e7\u00e3o de inflama\u00e7\u00e3o,<br \/>\n\u2022 e poss\u00edveis benef\u00edcios comportamentais em parte dos pacientes.<\/p>\n<p>Alguns estudos tamb\u00e9m observaram melhora em:<\/p>\n<p>\u2022 irritabilidade,<br \/>\n\u2022 hiperatividade,<br \/>\n\u2022 comunica\u00e7\u00e3o,<br \/>\n\u2022 comportamento disruptivo,<br \/>\n\u2022 e qualidade de vida.<\/p>\n<p>Cepas dos g\u00eaneros:<\/p>\n<p>\u2022 Lactobacillus,<br \/>\n\u2022 Bifidobacterium,<br \/>\nforam algumas das mais estudadas.<\/p>\n<p>O que ainda n\u00e3o est\u00e1 comprovado?<\/p>\n<p>Apesar dos resultados promissores, os pesquisadores alertam que ainda existem limita\u00e7\u00f5es importantes:<\/p>\n<p>\u2022 muitos estudos possuem poucos participantes,<br \/>\n\u2022 diferentes protocolos,<br \/>\n\u2022 diferentes cepas probi\u00f3ticas,<br \/>\n\u2022 tempo curto de acompanhamento,<br \/>\n\u2022 aus\u00eancia de padroniza\u00e7\u00e3o.<\/p>\n<p>Por isso, a ci\u00eancia ainda n\u00e3o afirma que a microbiota \u201ccause\u201d autismo ou que suplementos sejam solu\u00e7\u00e3o \u00fanica.<\/p>\n<p>O que existe hoje \u00e9 evid\u00eancia crescente de que:<br \/>\na sa\u00fade intestinal pode influenciar sintomas f\u00edsicos, bem-estar e qualidade de vida em muitas pessoas autistas.<\/p>\n<p>Outras suplementa\u00e7\u00f5es estudadas<\/p>\n<p>\u00d4mega-3<\/p>\n<p>Pode ajudar em:<\/p>\n<p>\u2022 inflama\u00e7\u00e3o,<br \/>\n\u2022 cogni\u00e7\u00e3o,<br \/>\n\u2022 aten\u00e7\u00e3o,<br \/>\n\u2022 regula\u00e7\u00e3o neurol\u00f3gica.<\/p>\n<p>Os resultados ainda s\u00e3o moderados, mas existem estudos positivos.<\/p>\n<p>Magn\u00e9sio<\/p>\n<p>Pode auxiliar:<\/p>\n<p>\u2022 relaxamento muscular,<br \/>\n\u2022 sono,<br \/>\n\u2022 ansiedade,<br \/>\n\u2022 regula\u00e7\u00e3o neurol\u00f3gica.<\/p>\n<p>Vitamina D<\/p>\n<p>Pesquisas investigam sua rela\u00e7\u00e3o com:<\/p>\n<p>\u2022 imunidade,<br \/>\n\u2022 inflama\u00e7\u00e3o,<br \/>\n\u2022 funcionamento neurol\u00f3gico.<\/p>\n<p>Muitos autistas apresentam defici\u00eancia dessa vitamina.<\/p>\n<p>Fibras e prebi\u00f3ticos<\/p>\n<p>Auxiliam:<\/p>\n<p>\u2022 tr\u00e2nsito intestinal,<br \/>\n\u2022 microbiota,<br \/>\n\u2022 produ\u00e7\u00e3o de subst\u00e2ncias ben\u00e9ficas para o intestino.<\/p>\n<p>Cada organismo \u00e9 \u00fanico<\/p>\n<p>Nem toda pessoa autista ter\u00e1 problemas intestinais.<br \/>\nNem toda suplementa\u00e7\u00e3o ter\u00e1 o mesmo efeito.<br \/>\nNem toda altera\u00e7\u00e3o intestinal est\u00e1 relacionada ao autismo.<\/p>\n<p>Por isso, qualquer interven\u00e7\u00e3o deve ser individualizada e acompanhada por profissionais qualificados.<\/p>\n<p>O corpo autista tamb\u00e9m merece cuidado<\/p>\n<p>Durante anos, muitos sintomas f\u00edsicos foram ignorados ou tratados apenas como \u201ccomportamento\u201d.<\/p>\n<p>Hoje sabemos que:<\/p>\n<p>\u2022 dor,<br \/>\n\u2022 inflama\u00e7\u00e3o,<br \/>\n\u2022 desconforto intestinal,<br \/>\n\u2022 fadiga,<br \/>\n\u2022 e sobrecarga corporal<br \/>\npodem fazer parte da experi\u00eancia de muitas pessoas autistas.<\/p>\n<p>Falar sobre intestino, alimenta\u00e7\u00e3o e sa\u00fade f\u00edsica n\u00e3o \u00e9 reduzir o autismo ao corpo.<\/p>\n<p>\u00c9 reconhecer que o corpo tamb\u00e9m comunica sofrimento, necessidades e limites.<\/p>\n<p>Refer\u00eancias cient\u00edficas<\/p>\n<p>\u2022 McElhanon BO et al. Gastrointestinal symptoms in autism spectrum disorder: a meta-analysis. Pediatrics.<br \/>\n\u2022 Kang DW et al. Microbiota Transfer Therapy alters gut ecosystem and improves gastrointestinal and autism symptoms. Scientific Reports.<br \/>\n\u2022 Mayer EA et al. Gut\/brain axis and the microbiota. Journal of Clinical Investigation.<br \/>\n\u2022 Fulceri F et al. Gastrointestinal symptoms and behavioral problems in preschoolers with ASD. Digestive and Liver Disease.<br \/>\n\u2022 Chaidez V et al. Gastrointestinal problems in children with autism. Journal of Autism and Developmental Disorders.<\/p>\n","protected":false},"excerpt":{"rendered":"<p>Autismo, Intestino e Suplementa\u00e7\u00e3o: o que a ci\u00eancia j\u00e1 sabe sobre microbiota, probi\u00f3ticos e sa\u00fade gastrointestinal O autismo n\u00e3o afeta apenas comunica\u00e7\u00e3o, comportamento ou intera\u00e7\u00e3o social. Cada vez mais pesquisas mostram que o corpo tamb\u00e9m pode estar envolvido especialmente o sistema digestivo. Dor abdominal, refluxo, constipa\u00e7\u00e3o, gases, distens\u00e3o abdominal, seletividade alimentar e intestino irrit\u00e1vel aparecem &#8230; <a title=\"Autismo, Intestino e Suplementa\u00e7\u00e3o: o que a ci\u00eancia j\u00e1 sabe sobre microbiota, probi\u00f3ticos e sa\u00fade gastrointestinal\" class=\"read-more\" href=\"https:\/\/orbi360.com\/site\/autismo-intestino-e-suplementacao-o-que-a-ciencia-ja-sabe-sobre-microbiota-probioticos-e-saude-gastrointestinal\/\" aria-label=\"Read more about Autismo, Intestino e Suplementa\u00e7\u00e3o: o que a ci\u00eancia j\u00e1 sabe sobre microbiota, probi\u00f3ticos e sa\u00fade gastrointestinal\">Ler mais<\/a><\/p>\n","protected":false},"author":2,"featured_media":0,"comment_status":"closed","ping_status":"open","sticky":false,"template":"","format":"standard","meta":{"footnotes":""},"categories":[1],"tags":[],"class_list":["post-310","post","type-post","status-publish","format-standard","hentry","category-sem-categoria"],"aioseo_notices":[],"aioseo_head":"\n\t\t<!-- All in One SEO 4.9.10 - aioseo.com -->\n\t<meta name=\"description\" content=\"Autismo, Intestino e Suplementa\u00e7\u00e3o: o que a ci\u00eancia j\u00e1 sabe sobre microbiota, probi\u00f3ticos e sa\u00fade gastrointestinal O autismo n\u00e3o afeta apenas comunica\u00e7\u00e3o, comportamento ou intera\u00e7\u00e3o social. Cada vez mais pesquisas mostram que o corpo tamb\u00e9m pode estar envolvido especialmente o sistema digestivo. Dor abdominal, refluxo, constipa\u00e7\u00e3o, gases, distens\u00e3o abdominal, seletividade alimentar e intestino irrit\u00e1vel aparecem\" \/>\n\t<meta name=\"robots\" content=\"max-image-preview:large\" \/>\n\t<link rel=\"canonical\" href=\"https:\/\/orbi360.com\/site\/autismo-intestino-e-suplementacao-o-que-a-ciencia-ja-sabe-sobre-microbiota-probioticos-e-saude-gastrointestinal\/\" \/>\n\t<meta name=\"generator\" content=\"All in One SEO (AIOSEO) 4.9.10\" \/>\n\t\t<meta property=\"og:locale\" content=\"pt_BR\" \/>\n\t\t<meta property=\"og:site_name\" content=\"Orbi360 - Reviews, certifica\u00e7\u00f5es e recomenda\u00e7\u00f5es para fam\u00edlias at\u00edpicas - autismo e neurodivergentes\" \/>\n\t\t<meta property=\"og:type\" content=\"article\" \/>\n\t\t<meta property=\"og:title\" content=\"Autismo, Intestino e Suplementa\u00e7\u00e3o: o que a ci\u00eancia j\u00e1 sabe sobre microbiota, probi\u00f3ticos e sa\u00fade gastrointestinal - Orbi360\" \/>\n\t\t<meta property=\"og:description\" content=\"Autismo, Intestino e Suplementa\u00e7\u00e3o: o que a ci\u00eancia j\u00e1 sabe sobre microbiota, probi\u00f3ticos e sa\u00fade gastrointestinal O autismo n\u00e3o afeta apenas comunica\u00e7\u00e3o, comportamento ou intera\u00e7\u00e3o social. Cada vez mais pesquisas mostram que o corpo tamb\u00e9m pode estar envolvido especialmente o sistema digestivo. Dor abdominal, refluxo, constipa\u00e7\u00e3o, gases, distens\u00e3o abdominal, seletividade alimentar e intestino irrit\u00e1vel aparecem\" \/>\n\t\t<meta property=\"og:url\" content=\"https:\/\/orbi360.com\/site\/autismo-intestino-e-suplementacao-o-que-a-ciencia-ja-sabe-sobre-microbiota-probioticos-e-saude-gastrointestinal\/\" \/>\n\t\t<meta property=\"og:image\" content=\"https:\/\/orbi360.com\/site\/wp-content\/uploads\/2025\/07\/cropped-cropped-Logo-Orbi360-Redonda-Png-transparente.png\" \/>\n\t\t<meta property=\"og:image:secure_url\" content=\"https:\/\/orbi360.com\/site\/wp-content\/uploads\/2025\/07\/cropped-cropped-Logo-Orbi360-Redonda-Png-transparente.png\" \/>\n\t\t<meta property=\"article:published_time\" content=\"2026-05-12T21:09:46+00:00\" \/>\n\t\t<meta property=\"article:modified_time\" content=\"2026-05-12T21:09:46+00:00\" \/>\n\t\t<meta name=\"twitter:card\" content=\"summary_large_image\" \/>\n\t\t<meta name=\"twitter:title\" content=\"Autismo, Intestino e Suplementa\u00e7\u00e3o: o que a ci\u00eancia j\u00e1 sabe sobre microbiota, probi\u00f3ticos e sa\u00fade gastrointestinal - Orbi360\" \/>\n\t\t<meta name=\"twitter:description\" content=\"Autismo, Intestino e Suplementa\u00e7\u00e3o: o que a ci\u00eancia j\u00e1 sabe sobre microbiota, probi\u00f3ticos e sa\u00fade gastrointestinal O autismo n\u00e3o afeta apenas comunica\u00e7\u00e3o, comportamento ou intera\u00e7\u00e3o social. Cada vez mais pesquisas mostram que o corpo tamb\u00e9m pode estar envolvido especialmente o sistema digestivo. Dor abdominal, refluxo, constipa\u00e7\u00e3o, gases, distens\u00e3o abdominal, seletividade alimentar e intestino irrit\u00e1vel aparecem\" \/>\n\t\t<meta name=\"twitter:image\" content=\"https:\/\/orbi360.com\/site\/wp-content\/uploads\/2025\/07\/cropped-cropped-Logo-Orbi360-Redonda-Png-transparente.png\" \/>\n\t\t<script type=\"application\/ld+json\" class=\"aioseo-schema\">\n\t\t\t{\"@context\":\"https:\\\/\\\/schema.org\",\"@graph\":[{\"@type\":\"BlogPosting\",\"@id\":\"https:\\\/\\\/orbi360.com\\\/site\\\/autismo-intestino-e-suplementacao-o-que-a-ciencia-ja-sabe-sobre-microbiota-probioticos-e-saude-gastrointestinal\\\/#blogposting\",\"name\":\"Autismo, Intestino e Suplementa\\u00e7\\u00e3o: o que a ci\\u00eancia j\\u00e1 sabe sobre microbiota, probi\\u00f3ticos e sa\\u00fade gastrointestinal - Orbi360\",\"headline\":\"Autismo, Intestino e Suplementa\\u00e7\\u00e3o: o que a ci\\u00eancia j\\u00e1 sabe sobre microbiota, probi\\u00f3ticos e sa\\u00fade gastrointestinal\",\"author\":{\"@id\":\"https:\\\/\\\/orbi360.com\\\/site\\\/author\\\/kassia\\\/#author\"},\"publisher\":{\"@id\":\"https:\\\/\\\/orbi360.com\\\/site\\\/#organization\"},\"image\":{\"@type\":\"ImageObject\",\"url\":\"https:\\\/\\\/orbi360.com\\\/site\\\/wp-content\\\/uploads\\\/2025\\\/07\\\/cropped-cropped-Logo-Orbi360-Redonda-Png-transparente.png\",\"@id\":\"https:\\\/\\\/orbi360.com\\\/site\\\/#articleImage\",\"width\":512,\"height\":512},\"datePublished\":\"2026-05-12T18:09:46-03:00\",\"dateModified\":\"2026-05-12T18:09:46-03:00\",\"inLanguage\":\"pt-BR\",\"mainEntityOfPage\":{\"@id\":\"https:\\\/\\\/orbi360.com\\\/site\\\/autismo-intestino-e-suplementacao-o-que-a-ciencia-ja-sabe-sobre-microbiota-probioticos-e-saude-gastrointestinal\\\/#webpage\"},\"isPartOf\":{\"@id\":\"https:\\\/\\\/orbi360.com\\\/site\\\/autismo-intestino-e-suplementacao-o-que-a-ciencia-ja-sabe-sobre-microbiota-probioticos-e-saude-gastrointestinal\\\/#webpage\"},\"articleSection\":\"Orbi360\"},{\"@type\":\"BreadcrumbList\",\"@id\":\"https:\\\/\\\/orbi360.com\\\/site\\\/autismo-intestino-e-suplementacao-o-que-a-ciencia-ja-sabe-sobre-microbiota-probioticos-e-saude-gastrointestinal\\\/#breadcrumblist\",\"itemListElement\":[{\"@type\":\"ListItem\",\"@id\":\"https:\\\/\\\/orbi360.com\\\/site#listItem\",\"position\":1,\"name\":\"Home\",\"item\":\"https:\\\/\\\/orbi360.com\\\/site\",\"nextItem\":{\"@type\":\"ListItem\",\"@id\":\"https:\\\/\\\/orbi360.com\\\/site\\\/category\\\/sem-categoria\\\/#listItem\",\"name\":\"Orbi360\"}},{\"@type\":\"ListItem\",\"@id\":\"https:\\\/\\\/orbi360.com\\\/site\\\/category\\\/sem-categoria\\\/#listItem\",\"position\":2,\"name\":\"Orbi360\",\"item\":\"https:\\\/\\\/orbi360.com\\\/site\\\/category\\\/sem-categoria\\\/\",\"nextItem\":{\"@type\":\"ListItem\",\"@id\":\"https:\\\/\\\/orbi360.com\\\/site\\\/autismo-intestino-e-suplementacao-o-que-a-ciencia-ja-sabe-sobre-microbiota-probioticos-e-saude-gastrointestinal\\\/#listItem\",\"name\":\"Autismo, Intestino e Suplementa\\u00e7\\u00e3o: o que a ci\\u00eancia j\\u00e1 sabe sobre microbiota, probi\\u00f3ticos e sa\\u00fade gastrointestinal\"},\"previousItem\":{\"@type\":\"ListItem\",\"@id\":\"https:\\\/\\\/orbi360.com\\\/site#listItem\",\"name\":\"Home\"}},{\"@type\":\"ListItem\",\"@id\":\"https:\\\/\\\/orbi360.com\\\/site\\\/autismo-intestino-e-suplementacao-o-que-a-ciencia-ja-sabe-sobre-microbiota-probioticos-e-saude-gastrointestinal\\\/#listItem\",\"position\":3,\"name\":\"Autismo, Intestino e Suplementa\\u00e7\\u00e3o: o que a ci\\u00eancia j\\u00e1 sabe sobre microbiota, probi\\u00f3ticos e sa\\u00fade gastrointestinal\",\"previousItem\":{\"@type\":\"ListItem\",\"@id\":\"https:\\\/\\\/orbi360.com\\\/site\\\/category\\\/sem-categoria\\\/#listItem\",\"name\":\"Orbi360\"}}]},{\"@type\":\"Organization\",\"@id\":\"https:\\\/\\\/orbi360.com\\\/site\\\/#organization\",\"name\":\"Orbi360\",\"description\":\"Reviews, certifica\\u00e7\\u00f5es e recomenda\\u00e7\\u00f5es para fam\\u00edlias at\\u00edpicas - autismo e neurodivergentes\",\"url\":\"https:\\\/\\\/orbi360.com\\\/site\\\/\",\"logo\":{\"@type\":\"ImageObject\",\"url\":\"https:\\\/\\\/orbi360.com\\\/site\\\/wp-content\\\/uploads\\\/2025\\\/07\\\/cropped-cropped-Logo-Orbi360-Redonda-Png-transparente.png\",\"@id\":\"https:\\\/\\\/orbi360.com\\\/site\\\/autismo-intestino-e-suplementacao-o-que-a-ciencia-ja-sabe-sobre-microbiota-probioticos-e-saude-gastrointestinal\\\/#organizationLogo\",\"width\":512,\"height\":512},\"image\":{\"@id\":\"https:\\\/\\\/orbi360.com\\\/site\\\/autismo-intestino-e-suplementacao-o-que-a-ciencia-ja-sabe-sobre-microbiota-probioticos-e-saude-gastrointestinal\\\/#organizationLogo\"}},{\"@type\":\"Person\",\"@id\":\"https:\\\/\\\/orbi360.com\\\/site\\\/author\\\/kassia\\\/#author\",\"url\":\"https:\\\/\\\/orbi360.com\\\/site\\\/author\\\/kassia\\\/\",\"image\":{\"@type\":\"ImageObject\",\"@id\":\"https:\\\/\\\/orbi360.com\\\/site\\\/autismo-intestino-e-suplementacao-o-que-a-ciencia-ja-sabe-sobre-microbiota-probioticos-e-saude-gastrointestinal\\\/#authorImage\",\"url\":\"https:\\\/\\\/secure.gravatar.com\\\/avatar\\\/b3275702d784ccc0542298a42aeda0539fe7e8ca96b5757d6b91f0780cfa0cf5?s=96&d=mm&r=g\",\"width\":96,\"height\":96}},{\"@type\":\"WebPage\",\"@id\":\"https:\\\/\\\/orbi360.com\\\/site\\\/autismo-intestino-e-suplementacao-o-que-a-ciencia-ja-sabe-sobre-microbiota-probioticos-e-saude-gastrointestinal\\\/#webpage\",\"url\":\"https:\\\/\\\/orbi360.com\\\/site\\\/autismo-intestino-e-suplementacao-o-que-a-ciencia-ja-sabe-sobre-microbiota-probioticos-e-saude-gastrointestinal\\\/\",\"name\":\"Autismo, Intestino e Suplementa\\u00e7\\u00e3o: o que a ci\\u00eancia j\\u00e1 sabe sobre microbiota, probi\\u00f3ticos e sa\\u00fade gastrointestinal - Orbi360\",\"description\":\"Autismo, Intestino e Suplementa\\u00e7\\u00e3o: o que a ci\\u00eancia j\\u00e1 sabe sobre microbiota, probi\\u00f3ticos e sa\\u00fade gastrointestinal O autismo n\\u00e3o afeta apenas comunica\\u00e7\\u00e3o, comportamento ou intera\\u00e7\\u00e3o social. Cada vez mais pesquisas mostram que o corpo tamb\\u00e9m pode estar envolvido especialmente o sistema digestivo. Dor abdominal, refluxo, constipa\\u00e7\\u00e3o, gases, distens\\u00e3o abdominal, seletividade alimentar e intestino irrit\\u00e1vel aparecem\",\"inLanguage\":\"pt-BR\",\"isPartOf\":{\"@id\":\"https:\\\/\\\/orbi360.com\\\/site\\\/#website\"},\"breadcrumb\":{\"@id\":\"https:\\\/\\\/orbi360.com\\\/site\\\/autismo-intestino-e-suplementacao-o-que-a-ciencia-ja-sabe-sobre-microbiota-probioticos-e-saude-gastrointestinal\\\/#breadcrumblist\"},\"author\":{\"@id\":\"https:\\\/\\\/orbi360.com\\\/site\\\/author\\\/kassia\\\/#author\"},\"creator\":{\"@id\":\"https:\\\/\\\/orbi360.com\\\/site\\\/author\\\/kassia\\\/#author\"},\"datePublished\":\"2026-05-12T18:09:46-03:00\",\"dateModified\":\"2026-05-12T18:09:46-03:00\"},{\"@type\":\"WebSite\",\"@id\":\"https:\\\/\\\/orbi360.com\\\/site\\\/#website\",\"url\":\"https:\\\/\\\/orbi360.com\\\/site\\\/\",\"name\":\"Orbi360\",\"description\":\"Reviews, certifica\\u00e7\\u00f5es e recomenda\\u00e7\\u00f5es para fam\\u00edlias at\\u00edpicas - autismo e neurodivergentes\",\"inLanguage\":\"pt-BR\",\"publisher\":{\"@id\":\"https:\\\/\\\/orbi360.com\\\/site\\\/#organization\"}}]}\n\t\t<\/script>\n\t\t<!-- All in One SEO -->\n\n","aioseo_head_json":{"title":"Autismo, Intestino e Suplementa\u00e7\u00e3o: o que a ci\u00eancia j\u00e1 sabe sobre microbiota, probi\u00f3ticos e sa\u00fade gastrointestinal - Orbi360","description":"Autismo, Intestino e Suplementa\u00e7\u00e3o: o que a ci\u00eancia j\u00e1 sabe sobre microbiota, probi\u00f3ticos e sa\u00fade gastrointestinal O autismo n\u00e3o afeta apenas comunica\u00e7\u00e3o, comportamento ou intera\u00e7\u00e3o social. Cada vez mais pesquisas mostram que o corpo tamb\u00e9m pode estar envolvido especialmente o sistema digestivo. Dor abdominal, refluxo, constipa\u00e7\u00e3o, gases, distens\u00e3o abdominal, seletividade alimentar e intestino irrit\u00e1vel aparecem","canonical_url":"https:\/\/orbi360.com\/site\/autismo-intestino-e-suplementacao-o-que-a-ciencia-ja-sabe-sobre-microbiota-probioticos-e-saude-gastrointestinal\/","robots":"max-image-preview:large","keywords":"","webmasterTools":{"miscellaneous":""},"schema":{"@context":"https:\/\/schema.org","@graph":[{"@type":"BlogPosting","@id":"https:\/\/orbi360.com\/site\/autismo-intestino-e-suplementacao-o-que-a-ciencia-ja-sabe-sobre-microbiota-probioticos-e-saude-gastrointestinal\/#blogposting","name":"Autismo, Intestino e Suplementa\u00e7\u00e3o: o que a ci\u00eancia j\u00e1 sabe sobre microbiota, probi\u00f3ticos e sa\u00fade gastrointestinal - Orbi360","headline":"Autismo, Intestino e Suplementa\u00e7\u00e3o: o que a ci\u00eancia j\u00e1 sabe sobre microbiota, probi\u00f3ticos e sa\u00fade gastrointestinal","author":{"@id":"https:\/\/orbi360.com\/site\/author\/kassia\/#author"},"publisher":{"@id":"https:\/\/orbi360.com\/site\/#organization"},"image":{"@type":"ImageObject","url":"https:\/\/orbi360.com\/site\/wp-content\/uploads\/2025\/07\/cropped-cropped-Logo-Orbi360-Redonda-Png-transparente.png","@id":"https:\/\/orbi360.com\/site\/#articleImage","width":512,"height":512},"datePublished":"2026-05-12T18:09:46-03:00","dateModified":"2026-05-12T18:09:46-03:00","inLanguage":"pt-BR","mainEntityOfPage":{"@id":"https:\/\/orbi360.com\/site\/autismo-intestino-e-suplementacao-o-que-a-ciencia-ja-sabe-sobre-microbiota-probioticos-e-saude-gastrointestinal\/#webpage"},"isPartOf":{"@id":"https:\/\/orbi360.com\/site\/autismo-intestino-e-suplementacao-o-que-a-ciencia-ja-sabe-sobre-microbiota-probioticos-e-saude-gastrointestinal\/#webpage"},"articleSection":"Orbi360"},{"@type":"BreadcrumbList","@id":"https:\/\/orbi360.com\/site\/autismo-intestino-e-suplementacao-o-que-a-ciencia-ja-sabe-sobre-microbiota-probioticos-e-saude-gastrointestinal\/#breadcrumblist","itemListElement":[{"@type":"ListItem","@id":"https:\/\/orbi360.com\/site#listItem","position":1,"name":"Home","item":"https:\/\/orbi360.com\/site","nextItem":{"@type":"ListItem","@id":"https:\/\/orbi360.com\/site\/category\/sem-categoria\/#listItem","name":"Orbi360"}},{"@type":"ListItem","@id":"https:\/\/orbi360.com\/site\/category\/sem-categoria\/#listItem","position":2,"name":"Orbi360","item":"https:\/\/orbi360.com\/site\/category\/sem-categoria\/","nextItem":{"@type":"ListItem","@id":"https:\/\/orbi360.com\/site\/autismo-intestino-e-suplementacao-o-que-a-ciencia-ja-sabe-sobre-microbiota-probioticos-e-saude-gastrointestinal\/#listItem","name":"Autismo, Intestino e Suplementa\u00e7\u00e3o: o que a ci\u00eancia j\u00e1 sabe sobre microbiota, probi\u00f3ticos e sa\u00fade gastrointestinal"},"previousItem":{"@type":"ListItem","@id":"https:\/\/orbi360.com\/site#listItem","name":"Home"}},{"@type":"ListItem","@id":"https:\/\/orbi360.com\/site\/autismo-intestino-e-suplementacao-o-que-a-ciencia-ja-sabe-sobre-microbiota-probioticos-e-saude-gastrointestinal\/#listItem","position":3,"name":"Autismo, Intestino e Suplementa\u00e7\u00e3o: o que a ci\u00eancia j\u00e1 sabe sobre microbiota, probi\u00f3ticos e sa\u00fade gastrointestinal","previousItem":{"@type":"ListItem","@id":"https:\/\/orbi360.com\/site\/category\/sem-categoria\/#listItem","name":"Orbi360"}}]},{"@type":"Organization","@id":"https:\/\/orbi360.com\/site\/#organization","name":"Orbi360","description":"Reviews, certifica\u00e7\u00f5es e recomenda\u00e7\u00f5es para fam\u00edlias at\u00edpicas - autismo e neurodivergentes","url":"https:\/\/orbi360.com\/site\/","logo":{"@type":"ImageObject","url":"https:\/\/orbi360.com\/site\/wp-content\/uploads\/2025\/07\/cropped-cropped-Logo-Orbi360-Redonda-Png-transparente.png","@id":"https:\/\/orbi360.com\/site\/autismo-intestino-e-suplementacao-o-que-a-ciencia-ja-sabe-sobre-microbiota-probioticos-e-saude-gastrointestinal\/#organizationLogo","width":512,"height":512},"image":{"@id":"https:\/\/orbi360.com\/site\/autismo-intestino-e-suplementacao-o-que-a-ciencia-ja-sabe-sobre-microbiota-probioticos-e-saude-gastrointestinal\/#organizationLogo"}},{"@type":"Person","@id":"https:\/\/orbi360.com\/site\/author\/kassia\/#author","url":"https:\/\/orbi360.com\/site\/author\/kassia\/","image":{"@type":"ImageObject","@id":"https:\/\/orbi360.com\/site\/autismo-intestino-e-suplementacao-o-que-a-ciencia-ja-sabe-sobre-microbiota-probioticos-e-saude-gastrointestinal\/#authorImage","url":"https:\/\/secure.gravatar.com\/avatar\/b3275702d784ccc0542298a42aeda0539fe7e8ca96b5757d6b91f0780cfa0cf5?s=96&d=mm&r=g","width":96,"height":96}},{"@type":"WebPage","@id":"https:\/\/orbi360.com\/site\/autismo-intestino-e-suplementacao-o-que-a-ciencia-ja-sabe-sobre-microbiota-probioticos-e-saude-gastrointestinal\/#webpage","url":"https:\/\/orbi360.com\/site\/autismo-intestino-e-suplementacao-o-que-a-ciencia-ja-sabe-sobre-microbiota-probioticos-e-saude-gastrointestinal\/","name":"Autismo, Intestino e Suplementa\u00e7\u00e3o: o que a ci\u00eancia j\u00e1 sabe sobre microbiota, probi\u00f3ticos e sa\u00fade gastrointestinal - Orbi360","description":"Autismo, Intestino e Suplementa\u00e7\u00e3o: o que a ci\u00eancia j\u00e1 sabe sobre microbiota, probi\u00f3ticos e sa\u00fade gastrointestinal O autismo n\u00e3o afeta apenas comunica\u00e7\u00e3o, comportamento ou intera\u00e7\u00e3o social. Cada vez mais pesquisas mostram que o corpo tamb\u00e9m pode estar envolvido especialmente o sistema digestivo. Dor abdominal, refluxo, constipa\u00e7\u00e3o, gases, distens\u00e3o abdominal, seletividade alimentar e intestino irrit\u00e1vel aparecem","inLanguage":"pt-BR","isPartOf":{"@id":"https:\/\/orbi360.com\/site\/#website"},"breadcrumb":{"@id":"https:\/\/orbi360.com\/site\/autismo-intestino-e-suplementacao-o-que-a-ciencia-ja-sabe-sobre-microbiota-probioticos-e-saude-gastrointestinal\/#breadcrumblist"},"author":{"@id":"https:\/\/orbi360.com\/site\/author\/kassia\/#author"},"creator":{"@id":"https:\/\/orbi360.com\/site\/author\/kassia\/#author"},"datePublished":"2026-05-12T18:09:46-03:00","dateModified":"2026-05-12T18:09:46-03:00"},{"@type":"WebSite","@id":"https:\/\/orbi360.com\/site\/#website","url":"https:\/\/orbi360.com\/site\/","name":"Orbi360","description":"Reviews, certifica\u00e7\u00f5es e recomenda\u00e7\u00f5es para fam\u00edlias at\u00edpicas - autismo e neurodivergentes","inLanguage":"pt-BR","publisher":{"@id":"https:\/\/orbi360.com\/site\/#organization"}}]},"og:locale":"pt_BR","og:site_name":"Orbi360 - Reviews, certifica\u00e7\u00f5es e recomenda\u00e7\u00f5es para fam\u00edlias at\u00edpicas - autismo e neurodivergentes","og:type":"article","og:title":"Autismo, Intestino e Suplementa\u00e7\u00e3o: o que a ci\u00eancia j\u00e1 sabe sobre microbiota, probi\u00f3ticos e sa\u00fade gastrointestinal - Orbi360","og:description":"Autismo, Intestino e Suplementa\u00e7\u00e3o: o que a ci\u00eancia j\u00e1 sabe sobre microbiota, probi\u00f3ticos e sa\u00fade gastrointestinal O autismo n\u00e3o afeta apenas comunica\u00e7\u00e3o, comportamento ou intera\u00e7\u00e3o social. Cada vez mais pesquisas mostram que o corpo tamb\u00e9m pode estar envolvido especialmente o sistema digestivo. Dor abdominal, refluxo, constipa\u00e7\u00e3o, gases, distens\u00e3o abdominal, seletividade alimentar e intestino irrit\u00e1vel aparecem","og:url":"https:\/\/orbi360.com\/site\/autismo-intestino-e-suplementacao-o-que-a-ciencia-ja-sabe-sobre-microbiota-probioticos-e-saude-gastrointestinal\/","og:image":"https:\/\/orbi360.com\/site\/wp-content\/uploads\/2025\/07\/cropped-cropped-Logo-Orbi360-Redonda-Png-transparente.png","og:image:secure_url":"https:\/\/orbi360.com\/site\/wp-content\/uploads\/2025\/07\/cropped-cropped-Logo-Orbi360-Redonda-Png-transparente.png","article:published_time":"2026-05-12T21:09:46+00:00","article:modified_time":"2026-05-12T21:09:46+00:00","twitter:card":"summary_large_image","twitter:title":"Autismo, Intestino e Suplementa\u00e7\u00e3o: o que a ci\u00eancia j\u00e1 sabe sobre microbiota, probi\u00f3ticos e sa\u00fade gastrointestinal - Orbi360","twitter:description":"Autismo, Intestino e Suplementa\u00e7\u00e3o: o que a ci\u00eancia j\u00e1 sabe sobre microbiota, probi\u00f3ticos e sa\u00fade gastrointestinal O autismo n\u00e3o afeta apenas comunica\u00e7\u00e3o, comportamento ou intera\u00e7\u00e3o social. Cada vez mais pesquisas mostram que o corpo tamb\u00e9m pode estar envolvido especialmente o sistema digestivo. Dor abdominal, refluxo, constipa\u00e7\u00e3o, gases, distens\u00e3o abdominal, seletividade alimentar e intestino irrit\u00e1vel aparecem","twitter:image":"https:\/\/orbi360.com\/site\/wp-content\/uploads\/2025\/07\/cropped-cropped-Logo-Orbi360-Redonda-Png-transparente.png"},"aioseo_meta_data":{"post_id":"310","title":null,"description":null,"keywords":null,"keyphrases":{"focus":{"keyphrase":"","score":0,"analysis":{"keyphraseInTitle":{"score":0,"maxScore":9,"error":1}}},"additional":[]},"primary_term":null,"canonical_url":null,"og_title":null,"og_description":null,"og_object_type":"default","og_image_type":"default","og_image_url":null,"og_image_width":null,"og_image_height":null,"og_image_custom_url":null,"og_image_custom_fields":null,"og_video":"","og_custom_url":null,"og_article_section":null,"og_article_tags":null,"twitter_use_og":false,"twitter_card":"default","twitter_image_type":"default","twitter_image_url":null,"twitter_image_custom_url":null,"twitter_image_custom_fields":null,"twitter_title":null,"twitter_description":null,"schema":{"blockGraphs":[],"customGraphs":[],"default":{"data":{"Article":[],"Course":[],"Dataset":[],"FAQPage":[],"Movie":[],"Person":[],"Product":[],"ProductReview":[],"Car":[],"Recipe":[],"Service":[],"SoftwareApplication":[],"WebPage":[]},"graphName":"BlogPosting","isEnabled":true},"graphs":[]},"schema_type":"default","schema_type_options":null,"pillar_content":false,"robots_default":true,"robots_noindex":false,"robots_noarchive":false,"robots_nosnippet":false,"robots_nofollow":false,"robots_noimageindex":false,"robots_noodp":false,"robots_notranslate":false,"robots_max_snippet":"-1","robots_max_videopreview":"-1","robots_max_imagepreview":"large","priority":null,"frequency":"default","local_seo":null,"breadcrumb_settings":null,"limit_modified_date":false,"ai":{"faqs":[],"keyPoints":[],"schemas":[],"titles":[],"descriptions":[],"socialPosts":{"email":[],"linkedin":[],"twitter":[],"facebook":[],"instagram":[]}},"created":"2026-05-12 21:09:46","updated":"2026-05-12 21:13:10","seo_analyzer_scan_date":null},"aioseo_breadcrumb":"<div class=\"aioseo-breadcrumbs\"><span class=\"aioseo-breadcrumb\">\n\t\t\t<a href=\"https:\/\/orbi360.com\/site\" title=\"Home\">Home<\/a>\n\t\t<\/span><span class=\"aioseo-breadcrumb-separator\">&raquo;<\/span><span class=\"aioseo-breadcrumb\">\n\t\t\t<a href=\"https:\/\/orbi360.com\/site\/category\/sem-categoria\/\" title=\"Orbi360\">Orbi360<\/a>\n\t\t<\/span><span class=\"aioseo-breadcrumb-separator\">&raquo;<\/span><span class=\"aioseo-breadcrumb\">\n\t\t\tAutismo, Intestino e Suplementa\u00e7\u00e3o: o que a ci\u00eancia j\u00e1 sabe sobre microbiota, probi\u00f3ticos e sa\u00fade gastrointestinal\n\t\t<\/span><\/div>","aioseo_breadcrumb_json":[{"label":"Home","link":"https:\/\/orbi360.com\/site"},{"label":"Orbi360","link":"https:\/\/orbi360.com\/site\/category\/sem-categoria\/"},{"label":"Autismo, Intestino e Suplementa\u00e7\u00e3o: o que a ci\u00eancia j\u00e1 sabe sobre microbiota, probi\u00f3ticos e sa\u00fade gastrointestinal","link":"https:\/\/orbi360.com\/site\/autismo-intestino-e-suplementacao-o-que-a-ciencia-ja-sabe-sobre-microbiota-probioticos-e-saude-gastrointestinal\/"}],"_links":{"self":[{"href":"https:\/\/orbi360.com\/site\/wp-json\/wp\/v2\/posts\/310","targetHints":{"allow":["GET"]}}],"collection":[{"href":"https:\/\/orbi360.com\/site\/wp-json\/wp\/v2\/posts"}],"about":[{"href":"https:\/\/orbi360.com\/site\/wp-json\/wp\/v2\/types\/post"}],"author":[{"embeddable":true,"href":"https:\/\/orbi360.com\/site\/wp-json\/wp\/v2\/users\/2"}],"replies":[{"embeddable":true,"href":"https:\/\/orbi360.com\/site\/wp-json\/wp\/v2\/comments?post=310"}],"version-history":[{"count":1,"href":"https:\/\/orbi360.com\/site\/wp-json\/wp\/v2\/posts\/310\/revisions"}],"predecessor-version":[{"id":315,"href":"https:\/\/orbi360.com\/site\/wp-json\/wp\/v2\/posts\/310\/revisions\/315"}],"wp:attachment":[{"href":"https:\/\/orbi360.com\/site\/wp-json\/wp\/v2\/media?parent=310"}],"wp:term":[{"taxonomy":"category","embeddable":true,"href":"https:\/\/orbi360.com\/site\/wp-json\/wp\/v2\/categories?post=310"},{"taxonomy":"post_tag","embeddable":true,"href":"https:\/\/orbi360.com\/site\/wp-json\/wp\/v2\/tags?post=310"}],"curies":[{"name":"wp","href":"https:\/\/api.w.org\/{rel}","templated":true}]}}