{"id":394,"date":"2026-08-17T18:46:33","date_gmt":"2026-08-17T21:46:33","guid":{"rendered":"https:\/\/orbi360.com\/site\/?p=394"},"modified":"2026-08-17T18:46:33","modified_gmt":"2026-08-17T21:46:33","slug":"aplicacoes-para-o-autismo-cinco-opcoes-para-conhecer-em-2026","status":"publish","type":"post","link":"https:\/\/orbi360.com\/site\/aplicacoes-para-o-autismo-cinco-opcoes-para-conhecer-em-2026\/","title":{"rendered":"Aplica\u00e7\u00f5es para o autismo: cinco op\u00e7\u00f5es para conhecer em 2026"},"content":{"rendered":"<h1>Aplica\u00e7\u00f5es para o autismo: cinco op\u00e7\u00f5es para conhecer em 2026<\/h1>\n<p>A tecnologia tornou-se uma importante aliada no dia a dia das pessoas autistas e das suas fam\u00edlias. Comunica\u00e7\u00e3o, organiza\u00e7\u00e3o da rotina, aprendizagem, acesso \u00e0 informa\u00e7\u00e3o e planeamento de sa\u00eddas s\u00e3o algumas das \u00e1reas em que as aplica\u00e7\u00f5es t\u00eam vindo a ganhar espa\u00e7o.<\/p>\n<p>Reunimos cinco ferramentas que podem ser \u00fateis para pessoas autistas, fam\u00edlias e profissionais que acompanham o seu desenvolvimento. Cada aplica\u00e7\u00e3o tem uma finalidade diferente e pode responder a necessidades espec\u00edficas.<\/p>\n<h2>1. Orbi360<\/h2>\n<p><strong>Descri\u00e7\u00e3o:<\/strong> O Orbi360 \u00e9 uma aplica\u00e7\u00e3o colaborativa que re\u00fane experi\u00eancias da comunidade sobre restaurantes, escolas, espa\u00e7os culturais, hot\u00e9is, aeroportos e outros locais.<\/p>\n<p>As avalia\u00e7\u00f5es consideram diferentes aspetos da experi\u00eancia, incluindo caracter\u00edsticas sensoriais, acessibilidade e condi\u00e7\u00f5es do espa\u00e7o. A plataforma permite consultar avalia\u00e7\u00f5es, fotografias, coment\u00e1rios e check-ins realizados pela comunidade. (<a title=\"Get the Orbi360 app \u2014 free\" href=\"https:\/\/orbi360.com\/baixe-o-app.php\">Orbi360<\/a>)<\/p>\n<p>Estas informa\u00e7\u00f5es contribuem para o <strong>Neurindex<\/strong>, um \u00edndice evolutivo que procura indicar o n\u00edvel atual de prepara\u00e7\u00e3o de um local para receber pessoas neurodivergentes. O \u00edndice n\u00e3o representa uma classifica\u00e7\u00e3o de qualidade nem uma certifica\u00e7\u00e3o. \u00c9 uma refer\u00eancia para ajudar as fam\u00edlias a planear uma sa\u00edda e para orientar os estabelecimentos que pretendam melhorar a sua prepara\u00e7\u00e3o.<\/p>\n<p>A aplica\u00e7\u00e3o \u00e9 gratuita e inclui um mapa com pesquisa por proximidade, filtros por categoria e o <strong>Flight Plan<\/strong>, uma funcionalidade para organizar uma sa\u00edda antecipadamente. (<a title=\"Get the Orbi360 app \u2014 free\" href=\"https:\/\/orbi360.com\/baixe-o-app.php\">Orbi360<\/a>)<\/p>\n<p><strong>Plataformas:<\/strong> Android e iOS.<\/p>\n<p>\ud83d\udc49 <strong><a href=\"https:\/\/orbi360.com\/baixe-o-app.php\">Descarregar gratuitamente o Orbi360<\/a><\/strong><\/p>\n<h2>2. Livox<\/h2>\n<p><strong>Descri\u00e7\u00e3o:<\/strong> O Livox \u00e9 uma aplica\u00e7\u00e3o brasileira de Comunica\u00e7\u00e3o Aumentativa e Alternativa (CAA) que transforma imagens e textos em voz.<\/p>\n<p>\u00c9 direcionado para pessoas n\u00e3o falantes ou com fala reduzida, permitindo expressar desejos, necessidades, sentimentos e outras mensagens.<\/p>\n<p>A aplica\u00e7\u00e3o pode ser utilizada em diferentes contextos, incluindo em casa, na escola e em ambientes terap\u00eauticos.<\/p>\n<p><strong>Plataforma:<\/strong> Android.<\/p>\n<p>\ud83d\udc49 <strong><a href=\"https:\/\/livox.com.br\/br\/\">Conhecer o Livox<\/a><\/strong><\/p>\n<h2>3. Minha Rotina Especial<\/h2>\n<p><strong>Descri\u00e7\u00e3o:<\/strong> A Minha Rotina Especial foi criada por um terapeuta ocupacional e pelo pai de uma crian\u00e7a autista. A aplica\u00e7\u00e3o permite organizar o dia atrav\u00e9s de sequ\u00eancias visuais, utilizando fotografias reais e \u00e1udios gravados com vozes familiares \u00e0 crian\u00e7a.<\/p>\n<p>\u00c9 poss\u00edvel criar o passo a passo de diferentes tarefas e preparar antecipadamente situa\u00e7\u00f5es que fogem \u00e0 rotina habitual, como viagens, visitas ou outros acontecimentos especiais.<\/p>\n<p>Esta prepara\u00e7\u00e3o pode ajudar a tornar as mudan\u00e7as mais previs\u00edveis e reduzir a ansiedade associada a altera\u00e7\u00f5es da rotina.<\/p>\n<p><strong>Plataformas:<\/strong> dispositivos Apple.<\/p>\n<p>\ud83d\udc49 <strong><a href=\"https:\/\/minharotina.com.br\/\">Conhecer a Minha Rotina Especial<\/a><\/strong><\/p>\n<h2>4. Jade Autism<\/h2>\n<p><strong>Descri\u00e7\u00e3o:<\/strong> O Jade Autism \u00e9 uma plataforma brasileira que utiliza jogos e atividades interativas para estimular compet\u00eancias como aten\u00e7\u00e3o, cogni\u00e7\u00e3o, comunica\u00e7\u00e3o e intera\u00e7\u00e3o social em crian\u00e7as autistas.<\/p>\n<p>Os conte\u00fados s\u00e3o adaptados ao perfil de cada crian\u00e7a e podem ser utilizados como complemento ao acompanhamento profissional e \u00e0s terapias.<\/p>\n<p>A aplica\u00e7\u00e3o n\u00e3o substitui o acompanhamento de profissionais de sa\u00fade ou educa\u00e7\u00e3o, mas pode funcionar como uma ferramenta adicional no processo de desenvolvimento.<\/p>\n<p><strong>Plataformas:<\/strong> Android e iOS.<\/p>\n<p>\ud83d\udc49 <strong><a href=\"https:\/\/www.jadend.tech\/jade-app\">Conhecer o Jade Autism<\/a><\/strong><\/p>\n<h2>5. Genioo<\/h2>\n<p><strong>Descri\u00e7\u00e3o:<\/strong> O Genioo \u00e9 uma intelig\u00eancia artificial especializada em autismo, neurodiverg\u00eancia e outras condi\u00e7\u00f5es do neurodesenvolvimento, criada pela Tismoo.<\/p>\n<p>A plataforma utiliza informa\u00e7\u00e3o cient\u00edfica e conte\u00fados especializados para disponibilizar respostas relacionadas com diferentes \u00e1reas, incluindo educa\u00e7\u00e3o, medicina, nutri\u00e7\u00e3o e psicologia.<\/p>\n<p>O Genioo est\u00e1 integrado na aplica\u00e7\u00e3o Tismoo.me e tamb\u00e9m pode ser utilizado atrav\u00e9s de um navegador. A plataforma permite ainda organizar exames e outras informa\u00e7\u00f5es de sa\u00fade num \u00fanico local.<\/p>\n<p><strong>Plataformas:<\/strong> Android, iOS e Web.<\/p>\n<p>\ud83d\udc49 <strong><a href=\"https:\/\/tismoo.com.br\/genioo\/\">Conhecer o Genioo<\/a><\/strong><\/p>\n<h1>Tecnologia para mais autonomia<\/h1>\n<p>As cinco aplica\u00e7\u00f5es apresentam propostas diferentes e podem ser utilizadas em conjunto. N\u00e3o existe uma \u00fanica ferramenta que seja adequada para todas as pessoas ou fam\u00edlias.<\/p>\n<p>Por isso, vale a pena conhecer as diferentes op\u00e7\u00f5es e perceber quais respondem melhor \u00e0s necessidades de cada pessoa em cada momento.<\/p>\n<p>A tecnologia n\u00e3o resolve todos os desafios relacionados com o autismo. No entanto, quando utilizada de forma adequada, pode facilitar o acesso \u00e0 informa\u00e7\u00e3o, melhorar a organiza\u00e7\u00e3o e ampliar as possibilidades de escolha.<\/p>\n<p><strong>E mais escolhas significam mais autonomia.<\/strong><\/p>\n","protected":false},"excerpt":{"rendered":"<p>Aplica\u00e7\u00f5es para o autismo: cinco op\u00e7\u00f5es para conhecer em 2026 A tecnologia tornou-se uma importante aliada no dia a dia das pessoas autistas e das suas fam\u00edlias. Comunica\u00e7\u00e3o, organiza\u00e7\u00e3o da rotina, aprendizagem, acesso \u00e0 informa\u00e7\u00e3o e planeamento de sa\u00eddas s\u00e3o algumas das \u00e1reas em que as aplica\u00e7\u00f5es t\u00eam vindo a ganhar espa\u00e7o. Reunimos cinco ferramentas &#8230; <a title=\"Aplica\u00e7\u00f5es para o autismo: cinco op\u00e7\u00f5es para conhecer em 2026\" class=\"read-more\" href=\"https:\/\/orbi360.com\/site\/aplicacoes-para-o-autismo-cinco-opcoes-para-conhecer-em-2026\/\" aria-label=\"Read more about Aplica\u00e7\u00f5es para o autismo: cinco op\u00e7\u00f5es para conhecer em 2026\">Ler mais<\/a><\/p>\n","protected":false},"author":1,"featured_media":0,"comment_status":"closed","ping_status":"open","sticky":false,"template":"","format":"standard","meta":{"footnotes":""},"categories":[1],"tags":[145,137,142,138,146,149,66,69,73,144,143,78,150,19,70,85,147,148,84,82,83,87,13,47,17,141,140,81,76,71,68,139,86],"class_list":["post-394","post","type-post","status-publish","format-standard","hentry","category-sem-categoria","tag-aplicacoes-de-comunicacao","tag-aplicacoes-para-autismo","tag-aplicacoes-para-pea","tag-aplicacoes-para-pessoas-autistas","tag-aplicacoes-para-rotinas","tag-apoio-ao-autismo","tag-apps-para-autismo","tag-autismo-e-tecnologia","tag-autonomia-para-autistas","tag-caa","tag-comunicacao-aumentativa-e-alternativa","tag-educacao-e-autismo","tag-familias-de-pessoas-autistas","tag-familias-neurodivergentes","tag-ferramentas-para-autismo","tag-genioo","tag-horarios-visuais","tag-inclusao-e-autismo","tag-jade-autism","tag-livox","tag-minha-rotina-especial","tag-neurindex","tag-neurodivergencia","tag-neurodiversidade","tag-orbi360","tag-pea","tag-perturbacao-do-espetro-do-autismo","tag-recursos-para-autismo","tag-rotina-para-autistas","tag-tecnologia-assistiva","tag-tecnologia-e-autismo","tag-tecnologia-para-autismo","tag-tismoo"],"aioseo_notices":[],"aioseo_head":"\n\t\t<!-- All in One SEO 4.9.10 - aioseo.com -->\n\t<meta name=\"description\" content=\"Aplica\u00e7\u00f5es para o autismo: cinco op\u00e7\u00f5es para conhecer em 2026 A tecnologia tornou-se uma importante aliada no dia a dia das pessoas autistas e das suas fam\u00edlias. Comunica\u00e7\u00e3o, organiza\u00e7\u00e3o da rotina, aprendizagem, acesso \u00e0 informa\u00e7\u00e3o e planeamento de sa\u00eddas s\u00e3o algumas das \u00e1reas em que as aplica\u00e7\u00f5es t\u00eam vindo a ganhar espa\u00e7o. Reunimos cinco ferramentas\" \/>\n\t<meta name=\"robots\" content=\"max-image-preview:large\" \/>\n\t<link rel=\"canonical\" href=\"https:\/\/orbi360.com\/site\/aplicacoes-para-o-autismo-cinco-opcoes-para-conhecer-em-2026\/\" \/>\n\t<meta name=\"generator\" content=\"All in One SEO (AIOSEO) 4.9.10\" \/>\n\t\t<meta property=\"og:locale\" content=\"pt_BR\" \/>\n\t\t<meta property=\"og:site_name\" content=\"Orbi360 - Reviews, certifica\u00e7\u00f5es e recomenda\u00e7\u00f5es para fam\u00edlias at\u00edpicas - autismo e neurodivergentes\" \/>\n\t\t<meta property=\"og:type\" content=\"article\" \/>\n\t\t<meta property=\"og:title\" content=\"Aplica\u00e7\u00f5es para o autismo: cinco op\u00e7\u00f5es para conhecer em 2026 - Orbi360\" \/>\n\t\t<meta property=\"og:description\" content=\"Aplica\u00e7\u00f5es para o autismo: cinco op\u00e7\u00f5es para conhecer em 2026 A tecnologia tornou-se uma importante aliada no dia a dia das pessoas autistas e das suas fam\u00edlias. Comunica\u00e7\u00e3o, organiza\u00e7\u00e3o da rotina, aprendizagem, acesso \u00e0 informa\u00e7\u00e3o e planeamento de sa\u00eddas s\u00e3o algumas das \u00e1reas em que as aplica\u00e7\u00f5es t\u00eam vindo a ganhar espa\u00e7o. Reunimos cinco ferramentas\" \/>\n\t\t<meta property=\"og:url\" content=\"https:\/\/orbi360.com\/site\/aplicacoes-para-o-autismo-cinco-opcoes-para-conhecer-em-2026\/\" \/>\n\t\t<meta property=\"og:image\" content=\"https:\/\/orbi360.com\/site\/wp-content\/uploads\/2025\/07\/cropped-cropped-Logo-Orbi360-Redonda-Png-transparente.png\" \/>\n\t\t<meta property=\"og:image:secure_url\" content=\"https:\/\/orbi360.com\/site\/wp-content\/uploads\/2025\/07\/cropped-cropped-Logo-Orbi360-Redonda-Png-transparente.png\" \/>\n\t\t<meta property=\"article:published_time\" content=\"2026-08-17T21:46:33+00:00\" \/>\n\t\t<meta property=\"article:modified_time\" content=\"2026-08-17T21:46:33+00:00\" \/>\n\t\t<meta name=\"twitter:card\" content=\"summary_large_image\" \/>\n\t\t<meta name=\"twitter:title\" content=\"Aplica\u00e7\u00f5es para o autismo: cinco op\u00e7\u00f5es para conhecer em 2026 - Orbi360\" \/>\n\t\t<meta name=\"twitter:description\" content=\"Aplica\u00e7\u00f5es para o autismo: cinco op\u00e7\u00f5es para conhecer em 2026 A tecnologia tornou-se uma importante aliada no dia a dia das pessoas autistas e das suas fam\u00edlias. Comunica\u00e7\u00e3o, organiza\u00e7\u00e3o da rotina, aprendizagem, acesso \u00e0 informa\u00e7\u00e3o e planeamento de sa\u00eddas s\u00e3o algumas das \u00e1reas em que as aplica\u00e7\u00f5es t\u00eam vindo a ganhar espa\u00e7o. Reunimos cinco ferramentas\" \/>\n\t\t<meta name=\"twitter:image\" content=\"https:\/\/orbi360.com\/site\/wp-content\/uploads\/2025\/07\/cropped-cropped-Logo-Orbi360-Redonda-Png-transparente.png\" \/>\n\t\t<script type=\"application\/ld+json\" class=\"aioseo-schema\">\n\t\t\t{\"@context\":\"https:\\\/\\\/schema.org\",\"@graph\":[{\"@type\":\"BlogPosting\",\"@id\":\"https:\\\/\\\/orbi360.com\\\/site\\\/aplicacoes-para-o-autismo-cinco-opcoes-para-conhecer-em-2026\\\/#blogposting\",\"name\":\"Aplica\\u00e7\\u00f5es para o autismo: cinco op\\u00e7\\u00f5es para conhecer em 2026 - Orbi360\",\"headline\":\"Aplica\\u00e7\\u00f5es para o autismo: cinco op\\u00e7\\u00f5es para conhecer em 2026\",\"author\":{\"@id\":\"https:\\\/\\\/orbi360.com\\\/site\\\/author\\\/roger\\\/#author\"},\"publisher\":{\"@id\":\"https:\\\/\\\/orbi360.com\\\/site\\\/#organization\"},\"image\":{\"@type\":\"ImageObject\",\"url\":\"https:\\\/\\\/orbi360.com\\\/site\\\/wp-content\\\/uploads\\\/2025\\\/07\\\/cropped-cropped-Logo-Orbi360-Redonda-Png-transparente.png\",\"@id\":\"https:\\\/\\\/orbi360.com\\\/site\\\/#articleImage\",\"width\":512,\"height\":512},\"datePublished\":\"2026-08-17T18:46:33-03:00\",\"dateModified\":\"2026-08-17T18:46:33-03:00\",\"inLanguage\":\"pt-BR\",\"mainEntityOfPage\":{\"@id\":\"https:\\\/\\\/orbi360.com\\\/site\\\/aplicacoes-para-o-autismo-cinco-opcoes-para-conhecer-em-2026\\\/#webpage\"},\"isPartOf\":{\"@id\":\"https:\\\/\\\/orbi360.com\\\/site\\\/aplicacoes-para-o-autismo-cinco-opcoes-para-conhecer-em-2026\\\/#webpage\"},\"articleSection\":\"Orbi360, aplica\\u00e7\\u00f5es de comunica\\u00e7\\u00e3o, aplica\\u00e7\\u00f5es para autismo, aplica\\u00e7\\u00f5es para PEA, aplica\\u00e7\\u00f5es para pessoas autistas, aplica\\u00e7\\u00f5es para rotinas, apoio ao autismo, apps para autismo, autismo e tecnologia, autonomia para autistas, CAA, comunica\\u00e7\\u00e3o aumentativa e alternativa, educa\\u00e7\\u00e3o e autismo, fam\\u00edlias de pessoas autistas, fam\\u00edlias neurodivergentes, ferramentas para autismo, Genioo, hor\\u00e1rios visuais, inclus\\u00e3o e autismo, Jade Autism, Livox, Minha Rotina Especial, Neurindex, neurodiverg\\u00eancia, neurodiversidade, Orbi360, PEA, Perturba\\u00e7\\u00e3o do Espetro do Autismo, recursos para autismo, rotina para autistas, tecnologia assistiva, tecnologia e autismo, tecnologia para autismo, Tismoo\"},{\"@type\":\"BreadcrumbList\",\"@id\":\"https:\\\/\\\/orbi360.com\\\/site\\\/aplicacoes-para-o-autismo-cinco-opcoes-para-conhecer-em-2026\\\/#breadcrumblist\",\"itemListElement\":[{\"@type\":\"ListItem\",\"@id\":\"https:\\\/\\\/orbi360.com\\\/site#listItem\",\"position\":1,\"name\":\"Home\",\"item\":\"https:\\\/\\\/orbi360.com\\\/site\",\"nextItem\":{\"@type\":\"ListItem\",\"@id\":\"https:\\\/\\\/orbi360.com\\\/site\\\/category\\\/sem-categoria\\\/#listItem\",\"name\":\"Orbi360\"}},{\"@type\":\"ListItem\",\"@id\":\"https:\\\/\\\/orbi360.com\\\/site\\\/category\\\/sem-categoria\\\/#listItem\",\"position\":2,\"name\":\"Orbi360\",\"item\":\"https:\\\/\\\/orbi360.com\\\/site\\\/category\\\/sem-categoria\\\/\",\"nextItem\":{\"@type\":\"ListItem\",\"@id\":\"https:\\\/\\\/orbi360.com\\\/site\\\/aplicacoes-para-o-autismo-cinco-opcoes-para-conhecer-em-2026\\\/#listItem\",\"name\":\"Aplica\\u00e7\\u00f5es para o autismo: cinco op\\u00e7\\u00f5es para conhecer em 2026\"},\"previousItem\":{\"@type\":\"ListItem\",\"@id\":\"https:\\\/\\\/orbi360.com\\\/site#listItem\",\"name\":\"Home\"}},{\"@type\":\"ListItem\",\"@id\":\"https:\\\/\\\/orbi360.com\\\/site\\\/aplicacoes-para-o-autismo-cinco-opcoes-para-conhecer-em-2026\\\/#listItem\",\"position\":3,\"name\":\"Aplica\\u00e7\\u00f5es para o autismo: cinco op\\u00e7\\u00f5es para conhecer em 2026\",\"previousItem\":{\"@type\":\"ListItem\",\"@id\":\"https:\\\/\\\/orbi360.com\\\/site\\\/category\\\/sem-categoria\\\/#listItem\",\"name\":\"Orbi360\"}}]},{\"@type\":\"Organization\",\"@id\":\"https:\\\/\\\/orbi360.com\\\/site\\\/#organization\",\"name\":\"Orbi360\",\"description\":\"Reviews, certifica\\u00e7\\u00f5es e recomenda\\u00e7\\u00f5es para fam\\u00edlias at\\u00edpicas - autismo e neurodivergentes\",\"url\":\"https:\\\/\\\/orbi360.com\\\/site\\\/\",\"logo\":{\"@type\":\"ImageObject\",\"url\":\"https:\\\/\\\/orbi360.com\\\/site\\\/wp-content\\\/uploads\\\/2025\\\/07\\\/cropped-cropped-Logo-Orbi360-Redonda-Png-transparente.png\",\"@id\":\"https:\\\/\\\/orbi360.com\\\/site\\\/aplicacoes-para-o-autismo-cinco-opcoes-para-conhecer-em-2026\\\/#organizationLogo\",\"width\":512,\"height\":512},\"image\":{\"@id\":\"https:\\\/\\\/orbi360.com\\\/site\\\/aplicacoes-para-o-autismo-cinco-opcoes-para-conhecer-em-2026\\\/#organizationLogo\"}},{\"@type\":\"Person\",\"@id\":\"https:\\\/\\\/orbi360.com\\\/site\\\/author\\\/roger\\\/#author\",\"url\":\"https:\\\/\\\/orbi360.com\\\/site\\\/author\\\/roger\\\/\",\"image\":{\"@type\":\"ImageObject\",\"@id\":\"https:\\\/\\\/orbi360.com\\\/site\\\/aplicacoes-para-o-autismo-cinco-opcoes-para-conhecer-em-2026\\\/#authorImage\",\"url\":\"https:\\\/\\\/secure.gravatar.com\\\/avatar\\\/6bd526149e5f30d56059718298de91b7815bb519abf8ef8f9ab79ebc84f0362d?s=96&d=mm&r=g\",\"width\":96,\"height\":96}},{\"@type\":\"WebPage\",\"@id\":\"https:\\\/\\\/orbi360.com\\\/site\\\/aplicacoes-para-o-autismo-cinco-opcoes-para-conhecer-em-2026\\\/#webpage\",\"url\":\"https:\\\/\\\/orbi360.com\\\/site\\\/aplicacoes-para-o-autismo-cinco-opcoes-para-conhecer-em-2026\\\/\",\"name\":\"Aplica\\u00e7\\u00f5es para o autismo: cinco op\\u00e7\\u00f5es para conhecer em 2026 - Orbi360\",\"description\":\"Aplica\\u00e7\\u00f5es para o autismo: cinco op\\u00e7\\u00f5es para conhecer em 2026 A tecnologia tornou-se uma importante aliada no dia a dia das pessoas autistas e das suas fam\\u00edlias. Comunica\\u00e7\\u00e3o, organiza\\u00e7\\u00e3o da rotina, aprendizagem, acesso \\u00e0 informa\\u00e7\\u00e3o e planeamento de sa\\u00eddas s\\u00e3o algumas das \\u00e1reas em que as aplica\\u00e7\\u00f5es t\\u00eam vindo a ganhar espa\\u00e7o. Reunimos cinco ferramentas\",\"inLanguage\":\"pt-BR\",\"isPartOf\":{\"@id\":\"https:\\\/\\\/orbi360.com\\\/site\\\/#website\"},\"breadcrumb\":{\"@id\":\"https:\\\/\\\/orbi360.com\\\/site\\\/aplicacoes-para-o-autismo-cinco-opcoes-para-conhecer-em-2026\\\/#breadcrumblist\"},\"author\":{\"@id\":\"https:\\\/\\\/orbi360.com\\\/site\\\/author\\\/roger\\\/#author\"},\"creator\":{\"@id\":\"https:\\\/\\\/orbi360.com\\\/site\\\/author\\\/roger\\\/#author\"},\"datePublished\":\"2026-08-17T18:46:33-03:00\",\"dateModified\":\"2026-08-17T18:46:33-03:00\"},{\"@type\":\"WebSite\",\"@id\":\"https:\\\/\\\/orbi360.com\\\/site\\\/#website\",\"url\":\"https:\\\/\\\/orbi360.com\\\/site\\\/\",\"name\":\"Orbi360\",\"description\":\"Reviews, certifica\\u00e7\\u00f5es e recomenda\\u00e7\\u00f5es para fam\\u00edlias at\\u00edpicas - autismo e neurodivergentes\",\"inLanguage\":\"pt-BR\",\"publisher\":{\"@id\":\"https:\\\/\\\/orbi360.com\\\/site\\\/#organization\"}}]}\n\t\t<\/script>\n\t\t<!-- All in One SEO -->\n\n","aioseo_head_json":{"title":"Aplica\u00e7\u00f5es para o autismo: cinco op\u00e7\u00f5es para conhecer em 2026 - Orbi360","description":"Aplica\u00e7\u00f5es para o autismo: cinco op\u00e7\u00f5es para conhecer em 2026 A tecnologia tornou-se uma importante aliada no dia a dia das pessoas autistas e das suas fam\u00edlias. Comunica\u00e7\u00e3o, organiza\u00e7\u00e3o da rotina, aprendizagem, acesso \u00e0 informa\u00e7\u00e3o e planeamento de sa\u00eddas s\u00e3o algumas das \u00e1reas em que as aplica\u00e7\u00f5es t\u00eam vindo a ganhar espa\u00e7o. Reunimos cinco ferramentas","canonical_url":"https:\/\/orbi360.com\/site\/aplicacoes-para-o-autismo-cinco-opcoes-para-conhecer-em-2026\/","robots":"max-image-preview:large","keywords":"","webmasterTools":{"miscellaneous":""},"schema":{"@context":"https:\/\/schema.org","@graph":[{"@type":"BlogPosting","@id":"https:\/\/orbi360.com\/site\/aplicacoes-para-o-autismo-cinco-opcoes-para-conhecer-em-2026\/#blogposting","name":"Aplica\u00e7\u00f5es para o autismo: cinco op\u00e7\u00f5es para conhecer em 2026 - Orbi360","headline":"Aplica\u00e7\u00f5es para o autismo: cinco op\u00e7\u00f5es para conhecer em 2026","author":{"@id":"https:\/\/orbi360.com\/site\/author\/roger\/#author"},"publisher":{"@id":"https:\/\/orbi360.com\/site\/#organization"},"image":{"@type":"ImageObject","url":"https:\/\/orbi360.com\/site\/wp-content\/uploads\/2025\/07\/cropped-cropped-Logo-Orbi360-Redonda-Png-transparente.png","@id":"https:\/\/orbi360.com\/site\/#articleImage","width":512,"height":512},"datePublished":"2026-08-17T18:46:33-03:00","dateModified":"2026-08-17T18:46:33-03:00","inLanguage":"pt-BR","mainEntityOfPage":{"@id":"https:\/\/orbi360.com\/site\/aplicacoes-para-o-autismo-cinco-opcoes-para-conhecer-em-2026\/#webpage"},"isPartOf":{"@id":"https:\/\/orbi360.com\/site\/aplicacoes-para-o-autismo-cinco-opcoes-para-conhecer-em-2026\/#webpage"},"articleSection":"Orbi360, aplica\u00e7\u00f5es de comunica\u00e7\u00e3o, aplica\u00e7\u00f5es para autismo, aplica\u00e7\u00f5es para PEA, aplica\u00e7\u00f5es para pessoas autistas, aplica\u00e7\u00f5es para rotinas, apoio ao autismo, apps para autismo, autismo e tecnologia, autonomia para autistas, CAA, comunica\u00e7\u00e3o aumentativa e alternativa, educa\u00e7\u00e3o e autismo, fam\u00edlias de pessoas autistas, fam\u00edlias neurodivergentes, ferramentas para autismo, Genioo, hor\u00e1rios visuais, inclus\u00e3o e autismo, Jade Autism, Livox, Minha Rotina Especial, Neurindex, neurodiverg\u00eancia, neurodiversidade, Orbi360, PEA, Perturba\u00e7\u00e3o do Espetro do Autismo, recursos para autismo, rotina para autistas, tecnologia assistiva, tecnologia e autismo, tecnologia para autismo, Tismoo"},{"@type":"BreadcrumbList","@id":"https:\/\/orbi360.com\/site\/aplicacoes-para-o-autismo-cinco-opcoes-para-conhecer-em-2026\/#breadcrumblist","itemListElement":[{"@type":"ListItem","@id":"https:\/\/orbi360.com\/site#listItem","position":1,"name":"Home","item":"https:\/\/orbi360.com\/site","nextItem":{"@type":"ListItem","@id":"https:\/\/orbi360.com\/site\/category\/sem-categoria\/#listItem","name":"Orbi360"}},{"@type":"ListItem","@id":"https:\/\/orbi360.com\/site\/category\/sem-categoria\/#listItem","position":2,"name":"Orbi360","item":"https:\/\/orbi360.com\/site\/category\/sem-categoria\/","nextItem":{"@type":"ListItem","@id":"https:\/\/orbi360.com\/site\/aplicacoes-para-o-autismo-cinco-opcoes-para-conhecer-em-2026\/#listItem","name":"Aplica\u00e7\u00f5es para o autismo: cinco op\u00e7\u00f5es para conhecer em 2026"},"previousItem":{"@type":"ListItem","@id":"https:\/\/orbi360.com\/site#listItem","name":"Home"}},{"@type":"ListItem","@id":"https:\/\/orbi360.com\/site\/aplicacoes-para-o-autismo-cinco-opcoes-para-conhecer-em-2026\/#listItem","position":3,"name":"Aplica\u00e7\u00f5es para o autismo: cinco op\u00e7\u00f5es para conhecer em 2026","previousItem":{"@type":"ListItem","@id":"https:\/\/orbi360.com\/site\/category\/sem-categoria\/#listItem","name":"Orbi360"}}]},{"@type":"Organization","@id":"https:\/\/orbi360.com\/site\/#organization","name":"Orbi360","description":"Reviews, certifica\u00e7\u00f5es e recomenda\u00e7\u00f5es para fam\u00edlias at\u00edpicas - autismo e neurodivergentes","url":"https:\/\/orbi360.com\/site\/","logo":{"@type":"ImageObject","url":"https:\/\/orbi360.com\/site\/wp-content\/uploads\/2025\/07\/cropped-cropped-Logo-Orbi360-Redonda-Png-transparente.png","@id":"https:\/\/orbi360.com\/site\/aplicacoes-para-o-autismo-cinco-opcoes-para-conhecer-em-2026\/#organizationLogo","width":512,"height":512},"image":{"@id":"https:\/\/orbi360.com\/site\/aplicacoes-para-o-autismo-cinco-opcoes-para-conhecer-em-2026\/#organizationLogo"}},{"@type":"Person","@id":"https:\/\/orbi360.com\/site\/author\/roger\/#author","url":"https:\/\/orbi360.com\/site\/author\/roger\/","image":{"@type":"ImageObject","@id":"https:\/\/orbi360.com\/site\/aplicacoes-para-o-autismo-cinco-opcoes-para-conhecer-em-2026\/#authorImage","url":"https:\/\/secure.gravatar.com\/avatar\/6bd526149e5f30d56059718298de91b7815bb519abf8ef8f9ab79ebc84f0362d?s=96&d=mm&r=g","width":96,"height":96}},{"@type":"WebPage","@id":"https:\/\/orbi360.com\/site\/aplicacoes-para-o-autismo-cinco-opcoes-para-conhecer-em-2026\/#webpage","url":"https:\/\/orbi360.com\/site\/aplicacoes-para-o-autismo-cinco-opcoes-para-conhecer-em-2026\/","name":"Aplica\u00e7\u00f5es para o autismo: cinco op\u00e7\u00f5es para conhecer em 2026 - Orbi360","description":"Aplica\u00e7\u00f5es para o autismo: cinco op\u00e7\u00f5es para conhecer em 2026 A tecnologia tornou-se uma importante aliada no dia a dia das pessoas autistas e das suas fam\u00edlias. Comunica\u00e7\u00e3o, organiza\u00e7\u00e3o da rotina, aprendizagem, acesso \u00e0 informa\u00e7\u00e3o e planeamento de sa\u00eddas s\u00e3o algumas das \u00e1reas em que as aplica\u00e7\u00f5es t\u00eam vindo a ganhar espa\u00e7o. Reunimos cinco ferramentas","inLanguage":"pt-BR","isPartOf":{"@id":"https:\/\/orbi360.com\/site\/#website"},"breadcrumb":{"@id":"https:\/\/orbi360.com\/site\/aplicacoes-para-o-autismo-cinco-opcoes-para-conhecer-em-2026\/#breadcrumblist"},"author":{"@id":"https:\/\/orbi360.com\/site\/author\/roger\/#author"},"creator":{"@id":"https:\/\/orbi360.com\/site\/author\/roger\/#author"},"datePublished":"2026-08-17T18:46:33-03:00","dateModified":"2026-08-17T18:46:33-03:00"},{"@type":"WebSite","@id":"https:\/\/orbi360.com\/site\/#website","url":"https:\/\/orbi360.com\/site\/","name":"Orbi360","description":"Reviews, certifica\u00e7\u00f5es e recomenda\u00e7\u00f5es para fam\u00edlias at\u00edpicas - autismo e neurodivergentes","inLanguage":"pt-BR","publisher":{"@id":"https:\/\/orbi360.com\/site\/#organization"}}]},"og:locale":"pt_BR","og:site_name":"Orbi360 - Reviews, certifica\u00e7\u00f5es e recomenda\u00e7\u00f5es para fam\u00edlias at\u00edpicas - autismo e neurodivergentes","og:type":"article","og:title":"Aplica\u00e7\u00f5es para o autismo: cinco op\u00e7\u00f5es para conhecer em 2026 - Orbi360","og:description":"Aplica\u00e7\u00f5es para o autismo: cinco op\u00e7\u00f5es para conhecer em 2026 A tecnologia tornou-se uma importante aliada no dia a dia das pessoas autistas e das suas fam\u00edlias. Comunica\u00e7\u00e3o, organiza\u00e7\u00e3o da rotina, aprendizagem, acesso \u00e0 informa\u00e7\u00e3o e planeamento de sa\u00eddas s\u00e3o algumas das \u00e1reas em que as aplica\u00e7\u00f5es t\u00eam vindo a ganhar espa\u00e7o. Reunimos cinco ferramentas","og:url":"https:\/\/orbi360.com\/site\/aplicacoes-para-o-autismo-cinco-opcoes-para-conhecer-em-2026\/","og:image":"https:\/\/orbi360.com\/site\/wp-content\/uploads\/2025\/07\/cropped-cropped-Logo-Orbi360-Redonda-Png-transparente.png","og:image:secure_url":"https:\/\/orbi360.com\/site\/wp-content\/uploads\/2025\/07\/cropped-cropped-Logo-Orbi360-Redonda-Png-transparente.png","article:published_time":"2026-08-17T21:46:33+00:00","article:modified_time":"2026-08-17T21:46:33+00:00","twitter:card":"summary_large_image","twitter:title":"Aplica\u00e7\u00f5es para o autismo: cinco op\u00e7\u00f5es para conhecer em 2026 - Orbi360","twitter:description":"Aplica\u00e7\u00f5es para o autismo: cinco op\u00e7\u00f5es para conhecer em 2026 A tecnologia tornou-se uma importante aliada no dia a dia das pessoas autistas e das suas fam\u00edlias. Comunica\u00e7\u00e3o, organiza\u00e7\u00e3o da rotina, aprendizagem, acesso \u00e0 informa\u00e7\u00e3o e planeamento de sa\u00eddas s\u00e3o algumas das \u00e1reas em que as aplica\u00e7\u00f5es t\u00eam vindo a ganhar espa\u00e7o. Reunimos cinco ferramentas","twitter:image":"https:\/\/orbi360.com\/site\/wp-content\/uploads\/2025\/07\/cropped-cropped-Logo-Orbi360-Redonda-Png-transparente.png"},"aioseo_meta_data":{"post_id":"394","title":null,"description":null,"keywords":null,"keyphrases":{"focus":{"keyphrase":"","score":0,"analysis":{"keyphraseInTitle":{"score":0,"maxScore":9,"error":1}}},"additional":[]},"primary_term":null,"canonical_url":null,"og_title":null,"og_description":null,"og_object_type":"default","og_image_type":"default","og_image_url":null,"og_image_width":null,"og_image_height":null,"og_image_custom_url":null,"og_image_custom_fields":null,"og_video":"","og_custom_url":null,"og_article_section":null,"og_article_tags":null,"twitter_use_og":false,"twitter_card":"default","twitter_image_type":"default","twitter_image_url":null,"twitter_image_custom_url":null,"twitter_image_custom_fields":null,"twitter_title":null,"twitter_description":null,"schema":{"blockGraphs":[],"customGraphs":[],"default":{"data":{"Article":[],"Course":[],"Dataset":[],"FAQPage":[],"Movie":[],"Person":[],"Product":[],"ProductReview":[],"Car":[],"Recipe":[],"Service":[],"SoftwareApplication":[],"WebPage":[]},"graphName":"BlogPosting","isEnabled":true},"graphs":[]},"schema_type":"default","schema_type_options":null,"pillar_content":false,"robots_default":true,"robots_noindex":false,"robots_noarchive":false,"robots_nosnippet":false,"robots_nofollow":false,"robots_noimageindex":false,"robots_noodp":false,"robots_notranslate":false,"robots_max_snippet":"-1","robots_max_videopreview":"-1","robots_max_imagepreview":"large","priority":null,"frequency":"default","local_seo":null,"breadcrumb_settings":null,"limit_modified_date":false,"ai":{"faqs":[],"keyPoints":[],"schemas":[],"titles":[],"descriptions":[],"socialPosts":{"email":{"subject":"","preview":"","content":""},"linkedin":[],"twitter":[],"facebook":[],"instagram":[]}},"created":"2026-08-17 21:46:33","updated":"2026-08-18 01:54:41","seo_analyzer_scan_date":null},"aioseo_breadcrumb":"<div class=\"aioseo-breadcrumbs\"><span class=\"aioseo-breadcrumb\">\n\t\t\t<a href=\"https:\/\/orbi360.com\/site\" title=\"Home\">Home<\/a>\n\t\t<\/span><span class=\"aioseo-breadcrumb-separator\">&raquo;<\/span><span class=\"aioseo-breadcrumb\">\n\t\t\t<a href=\"https:\/\/orbi360.com\/site\/category\/sem-categoria\/\" title=\"Orbi360\">Orbi360<\/a>\n\t\t<\/span><span class=\"aioseo-breadcrumb-separator\">&raquo;<\/span><span class=\"aioseo-breadcrumb\">\n\t\t\tAplica\u00e7\u00f5es para o autismo: cinco op\u00e7\u00f5es para conhecer em 2026\n\t\t<\/span><\/div>","aioseo_breadcrumb_json":[{"label":"Home","link":"https:\/\/orbi360.com\/site"},{"label":"Orbi360","link":"https:\/\/orbi360.com\/site\/category\/sem-categoria\/"},{"label":"Aplica\u00e7\u00f5es para o autismo: cinco op\u00e7\u00f5es para conhecer em 2026","link":"https:\/\/orbi360.com\/site\/aplicacoes-para-o-autismo-cinco-opcoes-para-conhecer-em-2026\/"}],"_links":{"self":[{"href":"https:\/\/orbi360.com\/site\/wp-json\/wp\/v2\/posts\/394","targetHints":{"allow":["GET"]}}],"collection":[{"href":"https:\/\/orbi360.com\/site\/wp-json\/wp\/v2\/posts"}],"about":[{"href":"https:\/\/orbi360.com\/site\/wp-json\/wp\/v2\/types\/post"}],"author":[{"embeddable":true,"href":"https:\/\/orbi360.com\/site\/wp-json\/wp\/v2\/users\/1"}],"replies":[{"embeddable":true,"href":"https:\/\/orbi360.com\/site\/wp-json\/wp\/v2\/comments?post=394"}],"version-history":[{"count":1,"href":"https:\/\/orbi360.com\/site\/wp-json\/wp\/v2\/posts\/394\/revisions"}],"predecessor-version":[{"id":395,"href":"https:\/\/orbi360.com\/site\/wp-json\/wp\/v2\/posts\/394\/revisions\/395"}],"wp:attachment":[{"href":"https:\/\/orbi360.com\/site\/wp-json\/wp\/v2\/media?parent=394"}],"wp:term":[{"taxonomy":"category","embeddable":true,"href":"https:\/\/orbi360.com\/site\/wp-json\/wp\/v2\/categories?post=394"},{"taxonomy":"post_tag","embeddable":true,"href":"https:\/\/orbi360.com\/site\/wp-json\/wp\/v2\/tags?post=394"}],"curies":[{"name":"wp","href":"https:\/\/api.w.org\/{rel}","templated":true}]}}