{"id":43,"date":"2025-06-12T15:48:52","date_gmt":"2025-06-12T18:48:52","guid":{"rendered":"https:\/\/orbi360.com\/site\/?p=43"},"modified":"2025-06-13T12:20:30","modified_gmt":"2025-06-13T15:20:30","slug":"meu-filho-e-autista-e-agora-um-guia-afetivo-para-os-primeiros-passos","status":"publish","type":"post","link":"https:\/\/orbi360.com\/site\/meu-filho-e-autista-e-agora-um-guia-afetivo-para-os-primeiros-passos\/","title":{"rendered":"Meu Filho \u00e9 Autista. E Agora? Um Guia Afetivo para os Primeiros Passos"},"content":{"rendered":"<p data-start=\"1412\" data-end=\"1600\">O momento do diagn\u00f3stico pode ser confuso, assustador e ao mesmo tempo, libertador. Se voc\u00ea est\u00e1 passando por isso, respira. Voc\u00ea n\u00e3o est\u00e1 sozinha. E esse texto \u00e9 para te ajudar a come\u00e7ar.<\/p>\n<h2 data-start=\"1616\" data-end=\"1809\"><strong data-start=\"1616\" data-end=\"1652\">1. Entenda o b\u00e1sico, sem pressa:<\/strong><\/h2>\n<p data-start=\"1616\" data-end=\"1809\">O espectro autista \u00e9 amplo e diverso. N\u00e3o h\u00e1 um &#8220;jeito certo&#8221; de ser autista \u2014 h\u00e1 <em data-start=\"1737\" data-end=\"1756\">milh\u00f5es de jeitos<\/em>. Aprenda aos poucos, com fontes seguras e emp\u00e1ticas.<\/p>\n<p data-start=\"1811\" data-end=\"1983\"><strong data-start=\"1811\" data-end=\"1836\">2. Evite compara\u00e7\u00f5es:<\/strong><br data-start=\"1836\" data-end=\"1839\" \/>Seu filho n\u00e3o \u00e9 um projeto de conserto. Ele \u00e9 uma crian\u00e7a. Com direito a brincar, a ter dias dif\u00edceis e a viver com dignidade, do jeitinho dele.<\/p>\n<p data-start=\"1985\" data-end=\"2121\"><strong data-start=\"1985\" data-end=\"2013\">3. Busque rede de apoio:<\/strong><br data-start=\"2013\" data-end=\"2016\" \/>Fam\u00edlias que j\u00e1 passaram por isso podem te orientar melhor que manuais. Ouvir hist\u00f3rias parecidas acalma.<\/p>\n<p data-start=\"2123\" data-end=\"2235\"><strong data-start=\"2123\" data-end=\"2151\">4. Cuide de voc\u00ea tamb\u00e9m:<\/strong><br data-start=\"2151\" data-end=\"2154\" \/>Voc\u00ea n\u00e3o precisa ser perfeita. S\u00f3 presente. Cansar faz parte. Pedir ajuda tamb\u00e9m.<\/p>\n<h5 data-start=\"2237\" data-end=\"2366\"><strong data-start=\"2237\" data-end=\"2251\">Conclus\u00e3o:<\/strong><\/h5>\n<p data-start=\"2237\" data-end=\"2366\">Seu filho continua sendo seu filho. E isso nunca vai mudar. A jornada pode ser diferente, mas \u00e9 repleta de beleza.<\/p>\n<p data-start=\"2237\" data-end=\"2366\">E se quiser encontrar lugares mais preparados para acolher sua fam\u00edlia, <strong>baixe agora o Orbi360<\/strong> e descubra uma rede feita com amor, por quem entende de verdade.<\/p>\n<p data-start=\"2237\" data-end=\"2366\">\n","protected":false},"excerpt":{"rendered":"<p>O momento do diagn\u00f3stico pode ser confuso, assustador e ao mesmo tempo, libertador. Se voc\u00ea est\u00e1 passando por isso, respira. Voc\u00ea n\u00e3o est\u00e1 sozinha. E esse texto \u00e9 para te ajudar a come\u00e7ar. 1. Entenda o b\u00e1sico, sem pressa: O espectro autista \u00e9 amplo e diverso. N\u00e3o h\u00e1 um &#8220;jeito certo&#8221; de ser autista \u2014 &#8230; <a title=\"Meu Filho \u00e9 Autista. E Agora? Um Guia Afetivo para os Primeiros Passos\" class=\"read-more\" href=\"https:\/\/orbi360.com\/site\/meu-filho-e-autista-e-agora-um-guia-afetivo-para-os-primeiros-passos\/\" aria-label=\"Read more about Meu Filho \u00e9 Autista. E Agora? Um Guia Afetivo para os Primeiros Passos\">Ler mais<\/a><\/p>\n","protected":false},"author":1,"featured_media":62,"comment_status":"open","ping_status":"open","sticky":false,"template":"","format":"standard","meta":{"footnotes":""},"categories":[1],"tags":[22,4,24,19,8,23,17,20,21,12],"class_list":["post-43","post","type-post","status-publish","format-standard","has-post-thumbnail","hentry","category-sem-categoria","tag-acolhimento","tag-autismo","tag-diagnostico","tag-familias-neurodivergentes","tag-inclusao","tag-lugares-adaptados","tag-orbi360","tag-passeios-com-autistas","tag-primeiros-passos","tag-rede-de-apoio"],"aioseo_notices":[],"aioseo_head":"\n\t\t<!-- All in One SEO 4.9.10 - aioseo.com -->\n\t<meta name=\"description\" content=\"O momento do diagn\u00f3stico pode ser confuso, assustador e ao mesmo tempo, libertador. Se voc\u00ea est\u00e1 passando por isso, respira. Voc\u00ea n\u00e3o est\u00e1 sozinha. E esse texto \u00e9 para te ajudar a come\u00e7ar. 1. Entenda o b\u00e1sico, sem pressa: O espectro autista \u00e9 amplo e diverso. N\u00e3o h\u00e1 um &quot;jeito certo&quot; de ser autista \u2014\" \/>\n\t<meta name=\"robots\" content=\"max-image-preview:large\" \/>\n\t<link rel=\"canonical\" href=\"https:\/\/orbi360.com\/site\/meu-filho-e-autista-e-agora-um-guia-afetivo-para-os-primeiros-passos\/\" \/>\n\t<meta name=\"generator\" content=\"All in One SEO (AIOSEO) 4.9.10\" \/>\n\t\t<meta property=\"og:locale\" content=\"pt_BR\" \/>\n\t\t<meta property=\"og:site_name\" content=\"Orbi360 - Reviews, certifica\u00e7\u00f5es e recomenda\u00e7\u00f5es para fam\u00edlias at\u00edpicas - autismo e neurodivergentes\" \/>\n\t\t<meta property=\"og:type\" content=\"website\" \/>\n\t\t<meta property=\"og:title\" content=\"Meu Filho \u00e9 Autista. E Agora? Um Guia Afetivo para os Primeiros Passos - Orbi360\" \/>\n\t\t<meta property=\"og:description\" content=\"O momento do diagn\u00f3stico pode ser confuso, assustador e ao mesmo tempo, libertador. Se voc\u00ea est\u00e1 passando por isso, respira. Voc\u00ea n\u00e3o est\u00e1 sozinha. E esse texto \u00e9 para te ajudar a come\u00e7ar. 1. Entenda o b\u00e1sico, sem pressa: O espectro autista \u00e9 amplo e diverso. N\u00e3o h\u00e1 um &quot;jeito certo&quot; de ser autista \u2014\" \/>\n\t\t<meta property=\"og:url\" content=\"https:\/\/orbi360.com\/site\/meu-filho-e-autista-e-agora-um-guia-afetivo-para-os-primeiros-passos\/\" \/>\n\t\t<meta property=\"og:image\" content=\"https:\/\/orbi360.com\/site\/wp-content\/uploads\/2025\/07\/cropped-cropped-Logo-Orbi360-Redonda-Png-transparente.png\" \/>\n\t\t<meta property=\"og:image:secure_url\" content=\"https:\/\/orbi360.com\/site\/wp-content\/uploads\/2025\/07\/cropped-cropped-Logo-Orbi360-Redonda-Png-transparente.png\" \/>\n\t\t<meta name=\"twitter:card\" content=\"summary_large_image\" \/>\n\t\t<meta name=\"twitter:title\" content=\"Meu Filho \u00e9 Autista. E Agora? Um Guia Afetivo para os Primeiros Passos - Orbi360\" \/>\n\t\t<meta name=\"twitter:description\" content=\"O momento do diagn\u00f3stico pode ser confuso, assustador e ao mesmo tempo, libertador. Se voc\u00ea est\u00e1 passando por isso, respira. Voc\u00ea n\u00e3o est\u00e1 sozinha. E esse texto \u00e9 para te ajudar a come\u00e7ar. 1. Entenda o b\u00e1sico, sem pressa: O espectro autista \u00e9 amplo e diverso. N\u00e3o h\u00e1 um &quot;jeito certo&quot; de ser autista \u2014\" \/>\n\t\t<meta name=\"twitter:image\" content=\"https:\/\/orbi360.com\/site\/wp-content\/uploads\/2025\/07\/cropped-cropped-Logo-Orbi360-Redonda-Png-transparente.png\" \/>\n\t\t<script type=\"application\/ld+json\" class=\"aioseo-schema\">\n\t\t\t{\"@context\":\"https:\\\/\\\/schema.org\",\"@graph\":[{\"@type\":\"BlogPosting\",\"@id\":\"https:\\\/\\\/orbi360.com\\\/site\\\/meu-filho-e-autista-e-agora-um-guia-afetivo-para-os-primeiros-passos\\\/#blogposting\",\"name\":\"Meu Filho \\u00e9 Autista. E Agora? Um Guia Afetivo para os Primeiros Passos - Orbi360\",\"headline\":\"Meu Filho \\u00e9 Autista. E Agora? Um Guia Afetivo para os Primeiros Passos\",\"author\":{\"@id\":\"https:\\\/\\\/orbi360.com\\\/site\\\/author\\\/roger\\\/#author\"},\"publisher\":{\"@id\":\"https:\\\/\\\/orbi360.com\\\/site\\\/#organization\"},\"image\":{\"@type\":\"ImageObject\",\"url\":\"https:\\\/\\\/orbi360.com\\\/site\\\/wp-content\\\/uploads\\\/2025\\\/06\\\/Orbis360-altism2.jpg\",\"width\":600,\"height\":337},\"datePublished\":\"2025-06-12T15:48:52-03:00\",\"dateModified\":\"2025-06-13T12:20:30-03:00\",\"inLanguage\":\"pt-BR\",\"mainEntityOfPage\":{\"@id\":\"https:\\\/\\\/orbi360.com\\\/site\\\/meu-filho-e-autista-e-agora-um-guia-afetivo-para-os-primeiros-passos\\\/#webpage\"},\"isPartOf\":{\"@id\":\"https:\\\/\\\/orbi360.com\\\/site\\\/meu-filho-e-autista-e-agora-um-guia-afetivo-para-os-primeiros-passos\\\/#webpage\"},\"articleSection\":\"Orbi360, acolhimento, autismo, diagn\\u00f3stico, fam\\u00edlias neurodivergentes, inclus\\u00e3o, lugares adaptados, Orbi360, passeios com autistas, primeiros passos, rede de apoio\"},{\"@type\":\"BreadcrumbList\",\"@id\":\"https:\\\/\\\/orbi360.com\\\/site\\\/meu-filho-e-autista-e-agora-um-guia-afetivo-para-os-primeiros-passos\\\/#breadcrumblist\",\"itemListElement\":[{\"@type\":\"ListItem\",\"@id\":\"https:\\\/\\\/orbi360.com\\\/site#listItem\",\"position\":1,\"name\":\"Home\",\"item\":\"https:\\\/\\\/orbi360.com\\\/site\",\"nextItem\":{\"@type\":\"ListItem\",\"@id\":\"https:\\\/\\\/orbi360.com\\\/site\\\/category\\\/sem-categoria\\\/#listItem\",\"name\":\"Orbi360\"}},{\"@type\":\"ListItem\",\"@id\":\"https:\\\/\\\/orbi360.com\\\/site\\\/category\\\/sem-categoria\\\/#listItem\",\"position\":2,\"name\":\"Orbi360\",\"item\":\"https:\\\/\\\/orbi360.com\\\/site\\\/category\\\/sem-categoria\\\/\",\"nextItem\":{\"@type\":\"ListItem\",\"@id\":\"https:\\\/\\\/orbi360.com\\\/site\\\/meu-filho-e-autista-e-agora-um-guia-afetivo-para-os-primeiros-passos\\\/#listItem\",\"name\":\"Meu Filho \\u00e9 Autista. E Agora? Um Guia Afetivo para os Primeiros Passos\"},\"previousItem\":{\"@type\":\"ListItem\",\"@id\":\"https:\\\/\\\/orbi360.com\\\/site#listItem\",\"name\":\"Home\"}},{\"@type\":\"ListItem\",\"@id\":\"https:\\\/\\\/orbi360.com\\\/site\\\/meu-filho-e-autista-e-agora-um-guia-afetivo-para-os-primeiros-passos\\\/#listItem\",\"position\":3,\"name\":\"Meu Filho \\u00e9 Autista. E Agora? Um Guia Afetivo para os Primeiros Passos\",\"previousItem\":{\"@type\":\"ListItem\",\"@id\":\"https:\\\/\\\/orbi360.com\\\/site\\\/category\\\/sem-categoria\\\/#listItem\",\"name\":\"Orbi360\"}}]},{\"@type\":\"Organization\",\"@id\":\"https:\\\/\\\/orbi360.com\\\/site\\\/#organization\",\"name\":\"Orbi360\",\"description\":\"Reviews, certifica\\u00e7\\u00f5es e recomenda\\u00e7\\u00f5es para fam\\u00edlias at\\u00edpicas - autismo e neurodivergentes\",\"url\":\"https:\\\/\\\/orbi360.com\\\/site\\\/\",\"logo\":{\"@type\":\"ImageObject\",\"url\":\"https:\\\/\\\/orbi360.com\\\/site\\\/wp-content\\\/uploads\\\/2025\\\/07\\\/cropped-cropped-Logo-Orbi360-Redonda-Png-transparente.png\",\"@id\":\"https:\\\/\\\/orbi360.com\\\/site\\\/meu-filho-e-autista-e-agora-um-guia-afetivo-para-os-primeiros-passos\\\/#organizationLogo\",\"width\":512,\"height\":512},\"image\":{\"@id\":\"https:\\\/\\\/orbi360.com\\\/site\\\/meu-filho-e-autista-e-agora-um-guia-afetivo-para-os-primeiros-passos\\\/#organizationLogo\"}},{\"@type\":\"Person\",\"@id\":\"https:\\\/\\\/orbi360.com\\\/site\\\/author\\\/roger\\\/#author\",\"url\":\"https:\\\/\\\/orbi360.com\\\/site\\\/author\\\/roger\\\/\",\"image\":{\"@type\":\"ImageObject\",\"@id\":\"https:\\\/\\\/orbi360.com\\\/site\\\/meu-filho-e-autista-e-agora-um-guia-afetivo-para-os-primeiros-passos\\\/#authorImage\",\"url\":\"https:\\\/\\\/secure.gravatar.com\\\/avatar\\\/6bd526149e5f30d56059718298de91b7815bb519abf8ef8f9ab79ebc84f0362d?s=96&d=mm&r=g\",\"width\":96,\"height\":96}},{\"@type\":\"WebPage\",\"@id\":\"https:\\\/\\\/orbi360.com\\\/site\\\/meu-filho-e-autista-e-agora-um-guia-afetivo-para-os-primeiros-passos\\\/#webpage\",\"url\":\"https:\\\/\\\/orbi360.com\\\/site\\\/meu-filho-e-autista-e-agora-um-guia-afetivo-para-os-primeiros-passos\\\/\",\"name\":\"Meu Filho \\u00e9 Autista. E Agora? Um Guia Afetivo para os Primeiros Passos - Orbi360\",\"description\":\"O momento do diagn\\u00f3stico pode ser confuso, assustador e ao mesmo tempo, libertador. Se voc\\u00ea est\\u00e1 passando por isso, respira. Voc\\u00ea n\\u00e3o est\\u00e1 sozinha. E esse texto \\u00e9 para te ajudar a come\\u00e7ar. 1. Entenda o b\\u00e1sico, sem pressa: O espectro autista \\u00e9 amplo e diverso. N\\u00e3o h\\u00e1 um \\\"jeito certo\\\" de ser autista \\u2014\",\"inLanguage\":\"pt-BR\",\"isPartOf\":{\"@id\":\"https:\\\/\\\/orbi360.com\\\/site\\\/#website\"},\"breadcrumb\":{\"@id\":\"https:\\\/\\\/orbi360.com\\\/site\\\/meu-filho-e-autista-e-agora-um-guia-afetivo-para-os-primeiros-passos\\\/#breadcrumblist\"},\"author\":{\"@id\":\"https:\\\/\\\/orbi360.com\\\/site\\\/author\\\/roger\\\/#author\"},\"creator\":{\"@id\":\"https:\\\/\\\/orbi360.com\\\/site\\\/author\\\/roger\\\/#author\"},\"image\":{\"@type\":\"ImageObject\",\"url\":\"https:\\\/\\\/orbi360.com\\\/site\\\/wp-content\\\/uploads\\\/2025\\\/06\\\/Orbis360-altism2.jpg\",\"@id\":\"https:\\\/\\\/orbi360.com\\\/site\\\/meu-filho-e-autista-e-agora-um-guia-afetivo-para-os-primeiros-passos\\\/#mainImage\",\"width\":600,\"height\":337},\"primaryImageOfPage\":{\"@id\":\"https:\\\/\\\/orbi360.com\\\/site\\\/meu-filho-e-autista-e-agora-um-guia-afetivo-para-os-primeiros-passos\\\/#mainImage\"},\"datePublished\":\"2025-06-12T15:48:52-03:00\",\"dateModified\":\"2025-06-13T12:20:30-03:00\"},{\"@type\":\"WebSite\",\"@id\":\"https:\\\/\\\/orbi360.com\\\/site\\\/#website\",\"url\":\"https:\\\/\\\/orbi360.com\\\/site\\\/\",\"name\":\"Orbi360\",\"description\":\"Reviews, certifica\\u00e7\\u00f5es e recomenda\\u00e7\\u00f5es para fam\\u00edlias at\\u00edpicas - autismo e neurodivergentes\",\"inLanguage\":\"pt-BR\",\"publisher\":{\"@id\":\"https:\\\/\\\/orbi360.com\\\/site\\\/#organization\"}}]}\n\t\t<\/script>\n\t\t<!-- All in One SEO -->\n\n","aioseo_head_json":{"title":"Meu Filho \u00e9 Autista. E Agora? Um Guia Afetivo para os Primeiros Passos - Orbi360","description":"O momento do diagn\u00f3stico pode ser confuso, assustador e ao mesmo tempo, libertador. Se voc\u00ea est\u00e1 passando por isso, respira. Voc\u00ea n\u00e3o est\u00e1 sozinha. E esse texto \u00e9 para te ajudar a come\u00e7ar. 1. Entenda o b\u00e1sico, sem pressa: O espectro autista \u00e9 amplo e diverso. N\u00e3o h\u00e1 um \"jeito certo\" de ser autista \u2014","canonical_url":"https:\/\/orbi360.com\/site\/meu-filho-e-autista-e-agora-um-guia-afetivo-para-os-primeiros-passos\/","robots":"max-image-preview:large","keywords":"","webmasterTools":{"miscellaneous":""},"schema":{"@context":"https:\/\/schema.org","@graph":[{"@type":"BlogPosting","@id":"https:\/\/orbi360.com\/site\/meu-filho-e-autista-e-agora-um-guia-afetivo-para-os-primeiros-passos\/#blogposting","name":"Meu Filho \u00e9 Autista. E Agora? Um Guia Afetivo para os Primeiros Passos - Orbi360","headline":"Meu Filho \u00e9 Autista. E Agora? Um Guia Afetivo para os Primeiros Passos","author":{"@id":"https:\/\/orbi360.com\/site\/author\/roger\/#author"},"publisher":{"@id":"https:\/\/orbi360.com\/site\/#organization"},"image":{"@type":"ImageObject","url":"https:\/\/orbi360.com\/site\/wp-content\/uploads\/2025\/06\/Orbis360-altism2.jpg","width":600,"height":337},"datePublished":"2025-06-12T15:48:52-03:00","dateModified":"2025-06-13T12:20:30-03:00","inLanguage":"pt-BR","mainEntityOfPage":{"@id":"https:\/\/orbi360.com\/site\/meu-filho-e-autista-e-agora-um-guia-afetivo-para-os-primeiros-passos\/#webpage"},"isPartOf":{"@id":"https:\/\/orbi360.com\/site\/meu-filho-e-autista-e-agora-um-guia-afetivo-para-os-primeiros-passos\/#webpage"},"articleSection":"Orbi360, acolhimento, autismo, diagn\u00f3stico, fam\u00edlias neurodivergentes, inclus\u00e3o, lugares adaptados, Orbi360, passeios com autistas, primeiros passos, rede de apoio"},{"@type":"BreadcrumbList","@id":"https:\/\/orbi360.com\/site\/meu-filho-e-autista-e-agora-um-guia-afetivo-para-os-primeiros-passos\/#breadcrumblist","itemListElement":[{"@type":"ListItem","@id":"https:\/\/orbi360.com\/site#listItem","position":1,"name":"Home","item":"https:\/\/orbi360.com\/site","nextItem":{"@type":"ListItem","@id":"https:\/\/orbi360.com\/site\/category\/sem-categoria\/#listItem","name":"Orbi360"}},{"@type":"ListItem","@id":"https:\/\/orbi360.com\/site\/category\/sem-categoria\/#listItem","position":2,"name":"Orbi360","item":"https:\/\/orbi360.com\/site\/category\/sem-categoria\/","nextItem":{"@type":"ListItem","@id":"https:\/\/orbi360.com\/site\/meu-filho-e-autista-e-agora-um-guia-afetivo-para-os-primeiros-passos\/#listItem","name":"Meu Filho \u00e9 Autista. E Agora? Um Guia Afetivo para os Primeiros Passos"},"previousItem":{"@type":"ListItem","@id":"https:\/\/orbi360.com\/site#listItem","name":"Home"}},{"@type":"ListItem","@id":"https:\/\/orbi360.com\/site\/meu-filho-e-autista-e-agora-um-guia-afetivo-para-os-primeiros-passos\/#listItem","position":3,"name":"Meu Filho \u00e9 Autista. E Agora? Um Guia Afetivo para os Primeiros Passos","previousItem":{"@type":"ListItem","@id":"https:\/\/orbi360.com\/site\/category\/sem-categoria\/#listItem","name":"Orbi360"}}]},{"@type":"Organization","@id":"https:\/\/orbi360.com\/site\/#organization","name":"Orbi360","description":"Reviews, certifica\u00e7\u00f5es e recomenda\u00e7\u00f5es para fam\u00edlias at\u00edpicas - autismo e neurodivergentes","url":"https:\/\/orbi360.com\/site\/","logo":{"@type":"ImageObject","url":"https:\/\/orbi360.com\/site\/wp-content\/uploads\/2025\/07\/cropped-cropped-Logo-Orbi360-Redonda-Png-transparente.png","@id":"https:\/\/orbi360.com\/site\/meu-filho-e-autista-e-agora-um-guia-afetivo-para-os-primeiros-passos\/#organizationLogo","width":512,"height":512},"image":{"@id":"https:\/\/orbi360.com\/site\/meu-filho-e-autista-e-agora-um-guia-afetivo-para-os-primeiros-passos\/#organizationLogo"}},{"@type":"Person","@id":"https:\/\/orbi360.com\/site\/author\/roger\/#author","url":"https:\/\/orbi360.com\/site\/author\/roger\/","image":{"@type":"ImageObject","@id":"https:\/\/orbi360.com\/site\/meu-filho-e-autista-e-agora-um-guia-afetivo-para-os-primeiros-passos\/#authorImage","url":"https:\/\/secure.gravatar.com\/avatar\/6bd526149e5f30d56059718298de91b7815bb519abf8ef8f9ab79ebc84f0362d?s=96&d=mm&r=g","width":96,"height":96}},{"@type":"WebPage","@id":"https:\/\/orbi360.com\/site\/meu-filho-e-autista-e-agora-um-guia-afetivo-para-os-primeiros-passos\/#webpage","url":"https:\/\/orbi360.com\/site\/meu-filho-e-autista-e-agora-um-guia-afetivo-para-os-primeiros-passos\/","name":"Meu Filho \u00e9 Autista. E Agora? Um Guia Afetivo para os Primeiros Passos - Orbi360","description":"O momento do diagn\u00f3stico pode ser confuso, assustador e ao mesmo tempo, libertador. Se voc\u00ea est\u00e1 passando por isso, respira. Voc\u00ea n\u00e3o est\u00e1 sozinha. E esse texto \u00e9 para te ajudar a come\u00e7ar. 1. Entenda o b\u00e1sico, sem pressa: O espectro autista \u00e9 amplo e diverso. N\u00e3o h\u00e1 um \"jeito certo\" de ser autista \u2014","inLanguage":"pt-BR","isPartOf":{"@id":"https:\/\/orbi360.com\/site\/#website"},"breadcrumb":{"@id":"https:\/\/orbi360.com\/site\/meu-filho-e-autista-e-agora-um-guia-afetivo-para-os-primeiros-passos\/#breadcrumblist"},"author":{"@id":"https:\/\/orbi360.com\/site\/author\/roger\/#author"},"creator":{"@id":"https:\/\/orbi360.com\/site\/author\/roger\/#author"},"image":{"@type":"ImageObject","url":"https:\/\/orbi360.com\/site\/wp-content\/uploads\/2025\/06\/Orbis360-altism2.jpg","@id":"https:\/\/orbi360.com\/site\/meu-filho-e-autista-e-agora-um-guia-afetivo-para-os-primeiros-passos\/#mainImage","width":600,"height":337},"primaryImageOfPage":{"@id":"https:\/\/orbi360.com\/site\/meu-filho-e-autista-e-agora-um-guia-afetivo-para-os-primeiros-passos\/#mainImage"},"datePublished":"2025-06-12T15:48:52-03:00","dateModified":"2025-06-13T12:20:30-03:00"},{"@type":"WebSite","@id":"https:\/\/orbi360.com\/site\/#website","url":"https:\/\/orbi360.com\/site\/","name":"Orbi360","description":"Reviews, certifica\u00e7\u00f5es e recomenda\u00e7\u00f5es para fam\u00edlias at\u00edpicas - autismo e neurodivergentes","inLanguage":"pt-BR","publisher":{"@id":"https:\/\/orbi360.com\/site\/#organization"}}]},"og:locale":"pt_BR","og:site_name":"Orbi360 - Reviews, certifica\u00e7\u00f5es e recomenda\u00e7\u00f5es para fam\u00edlias at\u00edpicas - autismo e neurodivergentes","og:type":"website","og:title":"Meu Filho \u00e9 Autista. E Agora? Um Guia Afetivo para os Primeiros Passos - Orbi360","og:description":"O momento do diagn\u00f3stico pode ser confuso, assustador e ao mesmo tempo, libertador. Se voc\u00ea est\u00e1 passando por isso, respira. Voc\u00ea n\u00e3o est\u00e1 sozinha. E esse texto \u00e9 para te ajudar a come\u00e7ar. 1. Entenda o b\u00e1sico, sem pressa: O espectro autista \u00e9 amplo e diverso. N\u00e3o h\u00e1 um &quot;jeito certo&quot; de ser autista \u2014","og:url":"https:\/\/orbi360.com\/site\/meu-filho-e-autista-e-agora-um-guia-afetivo-para-os-primeiros-passos\/","og:image":"https:\/\/orbi360.com\/site\/wp-content\/uploads\/2025\/07\/cropped-cropped-Logo-Orbi360-Redonda-Png-transparente.png","og:image:secure_url":"https:\/\/orbi360.com\/site\/wp-content\/uploads\/2025\/07\/cropped-cropped-Logo-Orbi360-Redonda-Png-transparente.png","twitter:card":"summary_large_image","twitter:title":"Meu Filho \u00e9 Autista. E Agora? Um Guia Afetivo para os Primeiros Passos - Orbi360","twitter:description":"O momento do diagn\u00f3stico pode ser confuso, assustador e ao mesmo tempo, libertador. Se voc\u00ea est\u00e1 passando por isso, respira. Voc\u00ea n\u00e3o est\u00e1 sozinha. E esse texto \u00e9 para te ajudar a come\u00e7ar. 1. Entenda o b\u00e1sico, sem pressa: O espectro autista \u00e9 amplo e diverso. N\u00e3o h\u00e1 um &quot;jeito certo&quot; de ser autista \u2014","twitter:image":"https:\/\/orbi360.com\/site\/wp-content\/uploads\/2025\/07\/cropped-cropped-Logo-Orbi360-Redonda-Png-transparente.png"},"aioseo_meta_data":{"post_id":"43","title":null,"description":null,"keywords":null,"keyphrases":null,"primary_term":null,"canonical_url":null,"og_title":null,"og_description":null,"og_object_type":"website","og_image_type":"default","og_image_url":null,"og_image_width":null,"og_image_height":null,"og_image_custom_url":null,"og_image_custom_fields":null,"og_video":null,"og_custom_url":null,"og_article_section":null,"og_article_tags":null,"twitter_use_og":false,"twitter_card":"default","twitter_image_type":"default","twitter_image_url":null,"twitter_image_custom_url":null,"twitter_image_custom_fields":null,"twitter_title":null,"twitter_description":null,"schema":{"blockGraphs":[],"customGraphs":[],"default":{"data":{"Article":[],"Course":[],"Dataset":[],"FAQPage":[],"Movie":[],"Person":[],"Product":[],"ProductReview":[],"Car":[],"Recipe":[],"Service":[],"SoftwareApplication":[],"WebPage":[]},"graphName":"","isEnabled":true},"graphs":[]},"schema_type":"default","schema_type_options":null,"pillar_content":false,"robots_default":true,"robots_noindex":false,"robots_noarchive":false,"robots_nosnippet":false,"robots_nofollow":false,"robots_noimageindex":false,"robots_noodp":false,"robots_notranslate":false,"robots_max_snippet":null,"robots_max_videopreview":null,"robots_max_imagepreview":"large","priority":null,"frequency":null,"local_seo":null,"breadcrumb_settings":null,"limit_modified_date":false,"ai":null,"created":"2025-12-26 17:14:09","updated":"2025-12-26 17:14:09","seo_analyzer_scan_date":null},"aioseo_breadcrumb":"<div class=\"aioseo-breadcrumbs\"><span class=\"aioseo-breadcrumb\">\n\t\t\t<a href=\"https:\/\/orbi360.com\/site\" title=\"Home\">Home<\/a>\n\t\t<\/span><span class=\"aioseo-breadcrumb-separator\">&raquo;<\/span><span class=\"aioseo-breadcrumb\">\n\t\t\t<a href=\"https:\/\/orbi360.com\/site\/category\/sem-categoria\/\" title=\"Orbi360\">Orbi360<\/a>\n\t\t<\/span><span class=\"aioseo-breadcrumb-separator\">&raquo;<\/span><span class=\"aioseo-breadcrumb\">\n\t\t\tMeu Filho \u00e9 Autista. E Agora? Um Guia Afetivo para os Primeiros Passos\n\t\t<\/span><\/div>","aioseo_breadcrumb_json":[{"label":"Home","link":"https:\/\/orbi360.com\/site"},{"label":"Orbi360","link":"https:\/\/orbi360.com\/site\/category\/sem-categoria\/"},{"label":"Meu Filho \u00e9 Autista. E Agora? Um Guia Afetivo para os Primeiros Passos","link":"https:\/\/orbi360.com\/site\/meu-filho-e-autista-e-agora-um-guia-afetivo-para-os-primeiros-passos\/"}],"_links":{"self":[{"href":"https:\/\/orbi360.com\/site\/wp-json\/wp\/v2\/posts\/43","targetHints":{"allow":["GET"]}}],"collection":[{"href":"https:\/\/orbi360.com\/site\/wp-json\/wp\/v2\/posts"}],"about":[{"href":"https:\/\/orbi360.com\/site\/wp-json\/wp\/v2\/types\/post"}],"author":[{"embeddable":true,"href":"https:\/\/orbi360.com\/site\/wp-json\/wp\/v2\/users\/1"}],"replies":[{"embeddable":true,"href":"https:\/\/orbi360.com\/site\/wp-json\/wp\/v2\/comments?post=43"}],"version-history":[{"count":1,"href":"https:\/\/orbi360.com\/site\/wp-json\/wp\/v2\/posts\/43\/revisions"}],"predecessor-version":[{"id":60,"href":"https:\/\/orbi360.com\/site\/wp-json\/wp\/v2\/posts\/43\/revisions\/60"}],"wp:featuredmedia":[{"embeddable":true,"href":"https:\/\/orbi360.com\/site\/wp-json\/wp\/v2\/media\/62"}],"wp:attachment":[{"href":"https:\/\/orbi360.com\/site\/wp-json\/wp\/v2\/media?parent=43"}],"wp:term":[{"taxonomy":"category","embeddable":true,"href":"https:\/\/orbi360.com\/site\/wp-json\/wp\/v2\/categories?post=43"},{"taxonomy":"post_tag","embeddable":true,"href":"https:\/\/orbi360.com\/site\/wp-json\/wp\/v2\/tags?post=43"}],"curies":[{"name":"wp","href":"https:\/\/api.w.org\/{rel}","templated":true}]}}